{"id":10216,"date":"2023-06-14T07:51:21","date_gmt":"2023-06-14T05:51:21","guid":{"rendered":"https:\/\/www.mediamix.ch\/?p=10216"},"modified":"2023-08-18T15:47:05","modified_gmt":"2023-08-18T13:47:05","slug":"eine-frische-luft-weht-durch-die-visuelle-identitat-der-agentur-und-unserer-website","status":"publish","type":"post","link":"https:\/\/www.mediamix.ch\/de\/latest-news\/un-vent-de-fraicheur-souffle-sur-lidentite-visuelle-de-lagence-et-de-notre-site-web","title":{"rendered":"Eine frische Luft weht durch die visuelle Identit\u00e4t der Agentur und unserer Website"},"content":{"rendered":"<div data-elementor-type=\"wp-post\" data-elementor-id=\"10216\" class=\"elementor elementor-10216\" data-elementor-post-type=\"post\">\n\t\t\t\t\t\t<section class=\"elementor-section elementor-top-section elementor-element elementor-element-6431e8d elementor-section-boxed elementor-section-height-default elementor-section-height-default\" data-id=\"6431e8d\" data-element_type=\"section\" data-e-type=\"section\" data-settings=\"{&quot;jet_parallax_layout_list&quot;:[]}\">\n\t\t\t\t\t\t<div class=\"elementor-container elementor-column-gap-default\">\n\t\t\t\t\t<div class=\"elementor-column elementor-col-100 elementor-top-column elementor-element elementor-element-e3cf86d\" data-id=\"e3cf86d\" data-element_type=\"column\" data-e-type=\"column\">\n\t\t\t<div class=\"elementor-widget-wrap elementor-element-populated\">\n\t\t\t\t\t\t<div class=\"elementor-element elementor-element-acae958 elementor-widget elementor-widget-text-editor\" data-id=\"acae958\" data-element_type=\"widget\" data-e-type=\"widget\" data-widget_type=\"text-editor.default\">\n\t\t\t\t<div class=\"elementor-widget-container\">\n\t\t\t\t\t\t\t\t\t<p><span style=\"font-weight: 400;\">W\u00e4hrend das Jahr 2023 dem s\u00fc\u00dfen Sommer entgegenflie\u00dft, sehen wir bei Mediamix es bereits als einen denkw\u00fcrdigen Jahrgang, einen besonderen Cuv\u00e9e mit einzigartigem Geschmack.<\/span><\/p><p>\u00a0<\/p><p><span style=\"font-weight: 400;\">So wie ein guter Wein nicht nur eine Frage des Geschmacks, sondern auch der Pr\u00e4sentation ist, beschlossen wir, unserem Look einen kleinen Kick zu verleihen. Unsere Freunde von der Agentur Cavalcade haben uns eine neue visuelle Identit\u00e4t zusammengebastelt, mit einem brandneuen Logo, neuen spritzigen Farben und einem Slogan, der uns perfekt beschreibt: \"International Media Experts\".<\/span><\/p><p><span style=\"font-weight: 400;\">Wer hat gesagt, dass eine Medienagentur langweilig sein muss?<\/span><b>\u00a0<\/b><\/p><p class=\"translation-block\"><b>Bunt, dynamisch und vor allem lebendig<\/b><span style=\"font-weight: 400\">. Eine solide Verbindung zu den Medien auf allen Kontinenten und ein entschieden menschlicher Kontakt. Mit einem v\u00f6llig selbstbewussten Stil!<\/span><\/p><p><span style=\"font-weight: 400;\">Das Logo ist in zwei Teilen aufgebaut und spiegelt die Ambivalenz wider, die Mediamix auszeichnet. F\u00fcr die Gro\u00dfen, aber klein. Schweizerisch, aber international. Experte, aber nicht pr\u00e4tenti\u00f6s.\u00a0<\/span><\/p><p>\u00a0<\/p><p><span style=\"font-weight: 400;\">Und nat\u00fcrlich verdient jede gute Flasche ein passendes Etikett. Wir freuen uns daher sehr, Ihnen unsere neue Website vorstellen zu k\u00f6nnen.\u00a0<\/span><\/p>\t\t\t\t\t\t\t\t<\/div>\n\t\t\t\t<\/div>\n\t\t\t\t\t<\/div>\n\t\t<\/div>\n\t\t\t\t\t<\/div>\n\t\t<\/section>\n\t\t\t\t<\/div>","protected":false},"excerpt":{"rendered":"<p>Alors que l&rsquo;ann\u00e9e 2023 s\u2019\u00e9coule vers les douceurs de l\u2019\u00e9t\u00e9, chez Mediamix nous la voyons d\u00e9j\u00e0 comme un mill\u00e9sime m\u00e9morable, une cuv\u00e9e sp\u00e9ciale \u00e0 la saveur unique. Tout comme un bon vin n&rsquo;est pas seulement une question de go\u00fbt, mais aussi de pr\u00e9sentation, nous avons d\u00e9cid\u00e9 d&rsquo;ajouter une petite touche de peps \u00e0 notre look. [&hellip;]<\/p>\n","protected":false},"author":7,"featured_media":10217,"comment_status":"closed","ping_status":"closed","sticky":false,"template":"","format":"standard","meta":{"mc4wp_mailchimp_campaign":[],"footnotes":""},"categories":[14],"tags":[],"class_list":["post-10216","post","type-post","status-publish","format-standard","has-post-thumbnail","hentry","category-latest-news"],"yoast_head":"<!-- This site is optimized with the Yoast SEO Premium plugin v27.3 (Yoast SEO v27.3) - https:\/\/yoast.com\/product\/yoast-seo-premium-wordpress\/ -->\n<title>Un vent de fra\u00eecheur souffle sur l\u2019identit\u00e9 visuelle de l\u2019agence et de notre site web - Mediamix<\/title>\n<meta name=\"description\" content=\"Nos amis de l\u2019agence Cavalcade nous ont concoct\u00e9 une nouvelle identit\u00e9 visuelle, avec un logo flambant neuf, de nouvelles couleurs p\u00e9tillantes et un slogan qui nous d\u00e9crit \u00e0 la perfection : International Media Experts\" \/>\n<meta name=\"robots\" content=\"index, follow, max-snippet:-1, max-image-preview:large, max-video-preview:-1\" \/>\n<link rel=\"canonical\" href=\"https:\/\/www.mediamix.ch\/de\/latest-news\/eine-frische-luft-weht-durch-die-visuelle-identitat-der-agentur-und-unserer-website\/\" \/>\n<meta property=\"og:locale\" content=\"de_DE\" \/>\n<meta property=\"og:type\" content=\"article\" \/>\n<meta property=\"og:title\" content=\"Un vent de fra\u00eecheur souffle sur l\u2019identit\u00e9 visuelle de l\u2019agence et de notre site web\" \/>\n<meta property=\"og:description\" content=\"Nos amis de l\u2019agence Cavalcade nous ont concoct\u00e9 une nouvelle identit\u00e9 visuelle, avec un logo flambant neuf, de nouvelles couleurs p\u00e9tillantes et un slogan qui nous d\u00e9crit \u00e0 la perfection : International Media Experts\" \/>\n<meta property=\"og:url\" content=\"https:\/\/www.mediamix.ch\/de\/latest-news\/eine-frische-luft-weht-durch-die-visuelle-identitat-der-agentur-und-unserer-website\/\" \/>\n<meta property=\"og:site_name\" content=\"Mediamix\" \/>\n<meta property=\"article:publisher\" content=\"https:\/\/www.facebook.com\/mediamixsa\/\" \/>\n<meta property=\"article:published_time\" content=\"2023-06-14T05:51:21+00:00\" \/>\n<meta property=\"article:modified_time\" content=\"2023-08-18T13:47:05+00:00\" \/>\n<meta property=\"og:image\" content=\"https:\/\/www.mediamix.ch\/wp-content\/uploads\/2023\/06\/post_2.png\" \/>\n\t<meta property=\"og:image:width\" content=\"3000\" \/>\n\t<meta property=\"og:image:height\" content=\"2000\" \/>\n\t<meta property=\"og:image:type\" content=\"image\/png\" \/>\n<meta name=\"author\" content=\"Elio Brandolini\" \/>\n<meta name=\"twitter:card\" content=\"summary_large_image\" \/>\n<meta name=\"twitter:creator\" content=\"@MediamixSa\" \/>\n<meta name=\"twitter:site\" content=\"@MediamixSa\" \/>\n<meta name=\"twitter:label1\" content=\"Verfasst von\" \/>\n\t<meta name=\"twitter:data1\" content=\"Elio Brandolini\" \/>\n\t<meta name=\"twitter:label2\" content=\"Gesch\u00e4tzte Lesezeit\" \/>\n\t<meta name=\"twitter:data2\" content=\"1\u00a0Minute\" \/>\n<script type=\"application\/ld+json\" class=\"yoast-schema-graph\">{\"@context\":\"https:\\\/\\\/schema.org\",\"@graph\":[{\"@type\":\"Article\",\"@id\":\"https:\\\/\\\/www.mediamix.ch\\\/latest-news\\\/un-vent-de-fraicheur-souffle-sur-lidentite-visuelle-de-lagence-et-de-notre-site-web#article\",\"isPartOf\":{\"@id\":\"https:\\\/\\\/www.mediamix.ch\\\/latest-news\\\/un-vent-de-fraicheur-souffle-sur-lidentite-visuelle-de-lagence-et-de-notre-site-web\"},\"author\":{\"name\":\"Elio Brandolini\",\"@id\":\"https:\\\/\\\/www.mediamix.ch\\\/#\\\/schema\\\/person\\\/16153f45d827095d8b997a29b2f6ca65\"},\"headline\":\"Un vent de fra\u00eecheur souffle sur l\u2019identit\u00e9 visuelle de l\u2019agence et de notre site web\",\"datePublished\":\"2023-06-14T05:51:21+00:00\",\"dateModified\":\"2023-08-18T13:47:05+00:00\",\"mainEntityOfPage\":{\"@id\":\"https:\\\/\\\/www.mediamix.ch\\\/latest-news\\\/un-vent-de-fraicheur-souffle-sur-lidentite-visuelle-de-lagence-et-de-notre-site-web\"},\"wordCount\":212,\"publisher\":{\"@id\":\"https:\\\/\\\/www.mediamix.ch\\\/#organization\"},\"image\":{\"@id\":\"https:\\\/\\\/www.mediamix.ch\\\/latest-news\\\/un-vent-de-fraicheur-souffle-sur-lidentite-visuelle-de-lagence-et-de-notre-site-web#primaryimage\"},\"thumbnailUrl\":\"https:\\\/\\\/www.mediamix.ch\\\/wp-content\\\/uploads\\\/2023\\\/06\\\/post_2.png\",\"articleSection\":[\"News\"],\"inLanguage\":\"de\"},{\"@type\":\"WebPage\",\"@id\":\"https:\\\/\\\/www.mediamix.ch\\\/latest-news\\\/un-vent-de-fraicheur-souffle-sur-lidentite-visuelle-de-lagence-et-de-notre-site-web\",\"url\":\"https:\\\/\\\/www.mediamix.ch\\\/latest-news\\\/un-vent-de-fraicheur-souffle-sur-lidentite-visuelle-de-lagence-et-de-notre-site-web\",\"name\":\"Un vent de fra\u00eecheur souffle sur l\u2019identit\u00e9 visuelle de l\u2019agence et de notre site web - Mediamix\",\"isPartOf\":{\"@id\":\"https:\\\/\\\/www.mediamix.ch\\\/#website\"},\"primaryImageOfPage\":{\"@id\":\"https:\\\/\\\/www.mediamix.ch\\\/latest-news\\\/un-vent-de-fraicheur-souffle-sur-lidentite-visuelle-de-lagence-et-de-notre-site-web#primaryimage\"},\"image\":{\"@id\":\"https:\\\/\\\/www.mediamix.ch\\\/latest-news\\\/un-vent-de-fraicheur-souffle-sur-lidentite-visuelle-de-lagence-et-de-notre-site-web#primaryimage\"},\"thumbnailUrl\":\"https:\\\/\\\/www.mediamix.ch\\\/wp-content\\\/uploads\\\/2023\\\/06\\\/post_2.png\",\"datePublished\":\"2023-06-14T05:51:21+00:00\",\"dateModified\":\"2023-08-18T13:47:05+00:00\",\"description\":\"Nos amis de l\u2019agence Cavalcade nous ont concoct\u00e9 une nouvelle identit\u00e9 visuelle, avec un logo flambant neuf, de nouvelles couleurs p\u00e9tillantes et un slogan qui nous d\u00e9crit \u00e0 la perfection : International Media Experts\",\"breadcrumb\":{\"@id\":\"https:\\\/\\\/www.mediamix.ch\\\/latest-news\\\/un-vent-de-fraicheur-souffle-sur-lidentite-visuelle-de-lagence-et-de-notre-site-web#breadcrumb\"},\"inLanguage\":\"de\",\"potentialAction\":[{\"@type\":\"ReadAction\",\"target\":[\"https:\\\/\\\/www.mediamix.ch\\\/latest-news\\\/un-vent-de-fraicheur-souffle-sur-lidentite-visuelle-de-lagence-et-de-notre-site-web\"]}]},{\"@type\":\"ImageObject\",\"inLanguage\":\"de\",\"@id\":\"https:\\\/\\\/www.mediamix.ch\\\/latest-news\\\/un-vent-de-fraicheur-souffle-sur-lidentite-visuelle-de-lagence-et-de-notre-site-web#primaryimage\",\"url\":\"https:\\\/\\\/www.mediamix.ch\\\/wp-content\\\/uploads\\\/2023\\\/06\\\/post_2.png\",\"contentUrl\":\"https:\\\/\\\/www.mediamix.ch\\\/wp-content\\\/uploads\\\/2023\\\/06\\\/post_2.png\",\"width\":3000,\"height\":2000},{\"@type\":\"BreadcrumbList\",\"@id\":\"https:\\\/\\\/www.mediamix.ch\\\/latest-news\\\/un-vent-de-fraicheur-souffle-sur-lidentite-visuelle-de-lagence-et-de-notre-site-web#breadcrumb\",\"itemListElement\":[{\"@type\":\"ListItem\",\"position\":1,\"name\":\"Accueil\",\"item\":\"https:\\\/\\\/www.mediamix.ch\\\/\"},{\"@type\":\"ListItem\",\"position\":2,\"name\":\"Un vent de fra\u00eecheur souffle sur l\u2019identit\u00e9 visuelle de l\u2019agence et de notre site web\"}]},{\"@type\":\"WebSite\",\"@id\":\"https:\\\/\\\/www.mediamix.ch\\\/#website\",\"url\":\"https:\\\/\\\/www.mediamix.ch\\\/\",\"name\":\"Mediamix\",\"description\":\"International media experts\",\"publisher\":{\"@id\":\"https:\\\/\\\/www.mediamix.ch\\\/#organization\"},\"potentialAction\":[{\"@type\":\"SearchAction\",\"target\":{\"@type\":\"EntryPoint\",\"urlTemplate\":\"https:\\\/\\\/www.mediamix.ch\\\/?s={search_term_string}\"},\"query-input\":{\"@type\":\"PropertyValueSpecification\",\"valueRequired\":true,\"valueName\":\"search_term_string\"}}],\"inLanguage\":\"de\"},{\"@type\":\"Organization\",\"@id\":\"https:\\\/\\\/www.mediamix.ch\\\/#organization\",\"name\":\"Mediamix\",\"url\":\"https:\\\/\\\/www.mediamix.ch\\\/\",\"logo\":{\"@type\":\"ImageObject\",\"inLanguage\":\"de\",\"@id\":\"https:\\\/\\\/www.mediamix.ch\\\/#\\\/schema\\\/logo\\\/image\\\/\",\"url\":\"https:\\\/\\\/www.mediamix.ch\\\/wp-content\\\/uploads\\\/2023\\\/02\\\/Logo-blanc.png\",\"contentUrl\":\"https:\\\/\\\/www.mediamix.ch\\\/wp-content\\\/uploads\\\/2023\\\/02\\\/Logo-blanc.png\",\"width\":215,\"height\":52,\"caption\":\"Mediamix\"},\"image\":{\"@id\":\"https:\\\/\\\/www.mediamix.ch\\\/#\\\/schema\\\/logo\\\/image\\\/\"},\"sameAs\":[\"https:\\\/\\\/www.facebook.com\\\/mediamixsa\\\/\",\"https:\\\/\\\/x.com\\\/MediamixSa\",\"https:\\\/\\\/www.linkedin.com\\\/company\\\/mediamix-sa\\\/\",\"https:\\\/\\\/www.youtube.com\\\/channel\\\/UCcoZdvsRrE0zpAQGkpCbh-A\",\"https:\\\/\\\/www.instagram.com\\\/mediamixsa\\\/\",\"https:\\\/\\\/www.pinterest.fr\\\/MediamixSA\\\/\"]},{\"@type\":\"Person\",\"@id\":\"https:\\\/\\\/www.mediamix.ch\\\/#\\\/schema\\\/person\\\/16153f45d827095d8b997a29b2f6ca65\",\"name\":\"Elio Brandolini\",\"url\":\"https:\\\/\\\/www.mediamix.ch\\\/de\\\/author\\\/elio\"}]}<\/script>\n<!-- \/ Yoast SEO Premium plugin. -->","yoast_head_json":{"title":"Eine frische Luft weht durch die visuelle Identit\u00e4t der Agentur und unserer Website - Mediamix","description":"Unsere Freunde von der Agentur Cavalcade haben uns eine neue visuelle Identit\u00e4t zusammengebastelt, mit einem brandneuen Logo, neuen spritzigen Farben und einem Slogan, der uns perfekt beschreibt: International Media Experts","robots":{"index":"index","follow":"follow","max-snippet":"max-snippet:-1","max-image-preview":"max-image-preview:large","max-video-preview":"max-video-preview:-1"},"canonical":"https:\/\/www.mediamix.ch\/de\/latest-news\/eine-frische-luft-weht-durch-die-visuelle-identitat-der-agentur-und-unserer-website\/","og_locale":"de_DE","og_type":"article","og_title":"Un vent de fra\u00eecheur souffle sur l\u2019identit\u00e9 visuelle de l\u2019agence et de notre site web","og_description":"Nos amis de l\u2019agence Cavalcade nous ont concoct\u00e9 une nouvelle identit\u00e9 visuelle, avec un logo flambant neuf, de nouvelles couleurs p\u00e9tillantes et un slogan qui nous d\u00e9crit \u00e0 la perfection : International Media Experts","og_url":"https:\/\/www.mediamix.ch\/de\/latest-news\/eine-frische-luft-weht-durch-die-visuelle-identitat-der-agentur-und-unserer-website\/","og_site_name":"Mediamix","article_publisher":"https:\/\/www.facebook.com\/mediamixsa\/","article_published_time":"2023-06-14T05:51:21+00:00","article_modified_time":"2023-08-18T13:47:05+00:00","og_image":[{"width":3000,"height":2000,"url":"https:\/\/www.mediamix.ch\/wp-content\/uploads\/2023\/06\/post_2.png","type":"image\/png"}],"author":"Elio Brandolini","twitter_card":"summary_large_image","twitter_creator":"@MediamixSa","twitter_site":"@MediamixSa","twitter_misc":{"Verfasst von":"Elio Brandolini","Gesch\u00e4tzte Lesezeit":"1\u00a0Minute"},"schema":{"@context":"https:\/\/schema.org","@graph":[{"@type":"Article","@id":"https:\/\/www.mediamix.ch\/latest-news\/un-vent-de-fraicheur-souffle-sur-lidentite-visuelle-de-lagence-et-de-notre-site-web#article","isPartOf":{"@id":"https:\/\/www.mediamix.ch\/latest-news\/un-vent-de-fraicheur-souffle-sur-lidentite-visuelle-de-lagence-et-de-notre-site-web"},"author":{"name":"Elio Brandolini","@id":"https:\/\/www.mediamix.ch\/#\/schema\/person\/16153f45d827095d8b997a29b2f6ca65"},"headline":"Un vent de fra\u00eecheur souffle sur l\u2019identit\u00e9 visuelle de l\u2019agence et de notre site web","datePublished":"2023-06-14T05:51:21+00:00","dateModified":"2023-08-18T13:47:05+00:00","mainEntityOfPage":{"@id":"https:\/\/www.mediamix.ch\/latest-news\/un-vent-de-fraicheur-souffle-sur-lidentite-visuelle-de-lagence-et-de-notre-site-web"},"wordCount":212,"publisher":{"@id":"https:\/\/www.mediamix.ch\/#organization"},"image":{"@id":"https:\/\/www.mediamix.ch\/latest-news\/un-vent-de-fraicheur-souffle-sur-lidentite-visuelle-de-lagence-et-de-notre-site-web#primaryimage"},"thumbnailUrl":"https:\/\/www.mediamix.ch\/wp-content\/uploads\/2023\/06\/post_2.png","articleSection":["News"],"inLanguage":"de"},{"@type":"WebPage","@id":"https:\/\/www.mediamix.ch\/latest-news\/un-vent-de-fraicheur-souffle-sur-lidentite-visuelle-de-lagence-et-de-notre-site-web","url":"https:\/\/www.mediamix.ch\/latest-news\/un-vent-de-fraicheur-souffle-sur-lidentite-visuelle-de-lagence-et-de-notre-site-web","name":"Eine frische Luft weht durch die visuelle Identit\u00e4t der Agentur und unserer Website - Mediamix","isPartOf":{"@id":"https:\/\/www.mediamix.ch\/#website"},"primaryImageOfPage":{"@id":"https:\/\/www.mediamix.ch\/latest-news\/un-vent-de-fraicheur-souffle-sur-lidentite-visuelle-de-lagence-et-de-notre-site-web#primaryimage"},"image":{"@id":"https:\/\/www.mediamix.ch\/latest-news\/un-vent-de-fraicheur-souffle-sur-lidentite-visuelle-de-lagence-et-de-notre-site-web#primaryimage"},"thumbnailUrl":"https:\/\/www.mediamix.ch\/wp-content\/uploads\/2023\/06\/post_2.png","datePublished":"2023-06-14T05:51:21+00:00","dateModified":"2023-08-18T13:47:05+00:00","description":"Unsere Freunde von der Agentur Cavalcade haben uns eine neue visuelle Identit\u00e4t zusammengebastelt, mit einem brandneuen Logo, neuen spritzigen Farben und einem Slogan, der uns perfekt beschreibt: International Media Experts","breadcrumb":{"@id":"https:\/\/www.mediamix.ch\/latest-news\/un-vent-de-fraicheur-souffle-sur-lidentite-visuelle-de-lagence-et-de-notre-site-web#breadcrumb"},"inLanguage":"de","potentialAction":[{"@type":"ReadAction","target":["https:\/\/www.mediamix.ch\/latest-news\/un-vent-de-fraicheur-souffle-sur-lidentite-visuelle-de-lagence-et-de-notre-site-web"]}]},{"@type":"ImageObject","inLanguage":"de","@id":"https:\/\/www.mediamix.ch\/latest-news\/un-vent-de-fraicheur-souffle-sur-lidentite-visuelle-de-lagence-et-de-notre-site-web#primaryimage","url":"https:\/\/www.mediamix.ch\/wp-content\/uploads\/2023\/06\/post_2.png","contentUrl":"https:\/\/www.mediamix.ch\/wp-content\/uploads\/2023\/06\/post_2.png","width":3000,"height":2000},{"@type":"BreadcrumbList","@id":"https:\/\/www.mediamix.ch\/latest-news\/un-vent-de-fraicheur-souffle-sur-lidentite-visuelle-de-lagence-et-de-notre-site-web#breadcrumb","itemListElement":[{"@type":"ListItem","position":1,"name":"Accueil","item":"https:\/\/www.mediamix.ch\/"},{"@type":"ListItem","position":2,"name":"Un vent de fra\u00eecheur souffle sur l\u2019identit\u00e9 visuelle de l\u2019agence et de notre site web"}]},{"@type":"WebSite","@id":"https:\/\/www.mediamix.ch\/#website","url":"https:\/\/www.mediamix.ch\/","name":"Mediamix","description":"International media experts","publisher":{"@id":"https:\/\/www.mediamix.ch\/#organization"},"potentialAction":[{"@type":"SearchAction","target":{"@type":"EntryPoint","urlTemplate":"https:\/\/www.mediamix.ch\/?s={search_term_string}"},"query-input":{"@type":"PropertyValueSpecification","valueRequired":true,"valueName":"search_term_string"}}],"inLanguage":"de"},{"@type":"Organization","@id":"https:\/\/www.mediamix.ch\/#organization","name":"Mediamix","url":"https:\/\/www.mediamix.ch\/","logo":{"@type":"ImageObject","inLanguage":"de","@id":"https:\/\/www.mediamix.ch\/#\/schema\/logo\/image\/","url":"https:\/\/www.mediamix.ch\/wp-content\/uploads\/2023\/02\/Logo-blanc.png","contentUrl":"https:\/\/www.mediamix.ch\/wp-content\/uploads\/2023\/02\/Logo-blanc.png","width":215,"height":52,"caption":"Mediamix"},"image":{"@id":"https:\/\/www.mediamix.ch\/#\/schema\/logo\/image\/"},"sameAs":["https:\/\/www.facebook.com\/mediamixsa\/","https:\/\/x.com\/MediamixSa","https:\/\/www.linkedin.com\/company\/mediamix-sa\/","https:\/\/www.youtube.com\/channel\/UCcoZdvsRrE0zpAQGkpCbh-A","https:\/\/www.instagram.com\/mediamixsa\/","https:\/\/www.pinterest.fr\/MediamixSA\/"]},{"@type":"Person","@id":"https:\/\/www.mediamix.ch\/#\/schema\/person\/16153f45d827095d8b997a29b2f6ca65","name":"Elio Brandolini","url":"https:\/\/www.mediamix.ch\/de\/author\/elio"}]}},"_links":{"self":[{"href":"https:\/\/www.mediamix.ch\/de\/wp-json\/wp\/v2\/posts\/10216","targetHints":{"allow":["GET"]}}],"collection":[{"href":"https:\/\/www.mediamix.ch\/de\/wp-json\/wp\/v2\/posts"}],"about":[{"href":"https:\/\/www.mediamix.ch\/de\/wp-json\/wp\/v2\/types\/post"}],"author":[{"embeddable":true,"href":"https:\/\/www.mediamix.ch\/de\/wp-json\/wp\/v2\/users\/7"}],"replies":[{"embeddable":true,"href":"https:\/\/www.mediamix.ch\/de\/wp-json\/wp\/v2\/comments?post=10216"}],"version-history":[{"count":5,"href":"https:\/\/www.mediamix.ch\/de\/wp-json\/wp\/v2\/posts\/10216\/revisions"}],"predecessor-version":[{"id":11184,"href":"https:\/\/www.mediamix.ch\/de\/wp-json\/wp\/v2\/posts\/10216\/revisions\/11184"}],"wp:featuredmedia":[{"embeddable":true,"href":"https:\/\/www.mediamix.ch\/de\/wp-json\/wp\/v2\/media\/10217"}],"wp:attachment":[{"href":"https:\/\/www.mediamix.ch\/de\/wp-json\/wp\/v2\/media?parent=10216"}],"wp:term":[{"taxonomy":"category","embeddable":true,"href":"https:\/\/www.mediamix.ch\/de\/wp-json\/wp\/v2\/categories?post=10216"},{"taxonomy":"post_tag","embeddable":true,"href":"https:\/\/www.mediamix.ch\/de\/wp-json\/wp\/v2\/tags?post=10216"}],"curies":[{"name":"wp","href":"https:\/\/api.w.org\/{rel}","templated":true}]}}