{"id":10230,"date":"2023-06-14T10:59:54","date_gmt":"2023-06-14T08:59:54","guid":{"rendered":"https:\/\/www.mediamix.ch\/?p=10230"},"modified":"2023-08-18T15:44:10","modified_gmt":"2023-08-18T13:44:10","slug":"das-cosatic-team-tritt-in-die-agentur-bei-um-unseren-internationalen-trading-desk-zu-verstarken","status":"publish","type":"post","link":"https:\/\/www.mediamix.ch\/de\/latest-news\/la-team-cosatic-integre-lagence-pour-renforcer-notre-trading-desk-international","title":{"rendered":"Das Cosatic Team tritt in die Agentur bei, um unseren internationalen Trading Desk zu verst\u00e4rken"},"content":{"rendered":"<div data-elementor-type=\"wp-post\" data-elementor-id=\"10230\" class=\"elementor elementor-10230\" data-elementor-post-type=\"post\">\n\t\t\t\t\t\t<section class=\"elementor-section elementor-top-section elementor-element elementor-element-235964c elementor-section-boxed elementor-section-height-default elementor-section-height-default\" data-id=\"235964c\" data-element_type=\"section\" data-e-type=\"section\" data-settings=\"{&quot;jet_parallax_layout_list&quot;:[]}\">\n\t\t\t\t\t\t<div class=\"elementor-container elementor-column-gap-default\">\n\t\t\t\t\t<div class=\"elementor-column elementor-col-100 elementor-top-column elementor-element elementor-element-668fd1f\" data-id=\"668fd1f\" data-element_type=\"column\" data-e-type=\"column\">\n\t\t\t<div class=\"elementor-widget-wrap elementor-element-populated\">\n\t\t\t\t\t\t<div class=\"elementor-element elementor-element-6e29923 elementor-widget elementor-widget-text-editor\" data-id=\"6e29923\" data-element_type=\"widget\" data-e-type=\"widget\" data-widget_type=\"text-editor.default\">\n\t\t\t\t<div class=\"elementor-widget-container\">\n\t\t\t\t\t\t\t\t\t<p><span style=\"font-weight: 400;\">Um unseren Jahrgang 2023 und die folgenden Jahrg\u00e4nge zu verst\u00e4rken, haben wir schlie\u00dflich unsere langj\u00e4hrigen Kollegen von der Agentur Cosatic aufgenommen. Louis, Adrien und Fanny schlie\u00dfen sich unserem Trading Desk an, um ihre Kompetenzen im programmatischen Einkauf sowie in den Bereichen Paid Social und Paid Search einzubringen. Von nun an wachen sieben Trader \u00fcber Ihre digitalen Kampagnen.\u00a0<\/span><\/p><p>\u00a0<\/p><p><span style=\"font-weight: 400;\">To fortify our 2023 vintage and those to follow, our long-standing colleagues from Cosatic Agency have joined us. Louis, Adrien, and Fanny have come to enrich our trading desk with their skills in programmatic buying, as well as paid social and paid search. Now, seven traders oversee your digital campaigns.<\/span><\/p>\t\t\t\t\t\t\t\t<\/div>\n\t\t\t\t<\/div>\n\t\t\t\t\t<\/div>\n\t\t<\/div>\n\t\t\t\t\t<\/div>\n\t\t<\/section>\n\t\t\t\t<\/div>","protected":false},"excerpt":{"rendered":"<p>Pour renforcer notre cuv\u00e9e 2023 et les suivantes, nous avons int\u00e9gr\u00e9 nos coll\u00e8gues de longue date de l&rsquo;agence Cosatic. Louis, Adrien et Fanny rejoignent notre trading desk pour apporter leurs comp\u00e9tences en achat programmatique, ainsi qu&rsquo;en paid social et paid search. D\u00e9sormais, sept traders veillent sur vos campagnes digitales. N&rsquo;oubliez pas, Mediamix a un plan [&hellip;]<\/p>\n","protected":false},"author":7,"featured_media":10231,"comment_status":"closed","ping_status":"closed","sticky":false,"template":"","format":"standard","meta":{"mc4wp_mailchimp_campaign":[],"footnotes":""},"categories":[14],"tags":[],"class_list":["post-10230","post","type-post","status-publish","format-standard","has-post-thumbnail","hentry","category-latest-news"],"yoast_head":"<!-- This site is optimized with the Yoast SEO Premium plugin v27.3 (Yoast SEO v27.3) - https:\/\/yoast.com\/product\/yoast-seo-premium-wordpress\/ -->\n<title>La Team Cosatic int\u00e8gre l\u2019agence pour renforcer notre trading desk international - Mediamix<\/title>\n<meta name=\"description\" content=\"Pour renforcer notre cuv\u00e9e 2023 et les suivantes, nous avons int\u00e9gr\u00e9 nos coll\u00e8gues de longue date de l\u2019agence Cosatic.\" \/>\n<meta name=\"robots\" content=\"index, follow, max-snippet:-1, max-image-preview:large, max-video-preview:-1\" \/>\n<link rel=\"canonical\" href=\"https:\/\/www.mediamix.ch\/de\/latest-news\/das-cosatic-team-tritt-in-die-agentur-bei-um-unseren-internationalen-trading-desk-zu-verstarken\/\" \/>\n<meta property=\"og:locale\" content=\"de_DE\" \/>\n<meta property=\"og:type\" content=\"article\" \/>\n<meta property=\"og:title\" content=\"La Team Cosatic int\u00e8gre l\u2019agence pour renforcer notre trading desk international\" \/>\n<meta property=\"og:description\" content=\"Pour renforcer notre cuv\u00e9e 2023 et les suivantes, nous avons int\u00e9gr\u00e9 nos coll\u00e8gues de longue date de l\u2019agence Cosatic.\" \/>\n<meta property=\"og:url\" content=\"https:\/\/www.mediamix.ch\/de\/latest-news\/das-cosatic-team-tritt-in-die-agentur-bei-um-unseren-internationalen-trading-desk-zu-verstarken\/\" \/>\n<meta property=\"og:site_name\" content=\"Mediamix\" \/>\n<meta property=\"article:publisher\" content=\"https:\/\/www.facebook.com\/mediamixsa\/\" \/>\n<meta property=\"article:published_time\" content=\"2023-06-14T08:59:54+00:00\" \/>\n<meta property=\"article:modified_time\" content=\"2023-08-18T13:44:10+00:00\" \/>\n<meta property=\"og:image\" content=\"https:\/\/www.mediamix.ch\/wp-content\/uploads\/2023\/06\/Article_3.png\" \/>\n\t<meta property=\"og:image:width\" content=\"1920\" \/>\n\t<meta property=\"og:image:height\" content=\"1080\" \/>\n\t<meta property=\"og:image:type\" content=\"image\/png\" \/>\n<meta name=\"author\" content=\"Elio Brandolini\" \/>\n<meta name=\"twitter:card\" content=\"summary_large_image\" \/>\n<meta name=\"twitter:creator\" content=\"@MediamixSa\" \/>\n<meta name=\"twitter:site\" content=\"@MediamixSa\" \/>\n<meta name=\"twitter:label1\" content=\"Verfasst von\" \/>\n\t<meta name=\"twitter:data1\" content=\"Elio Brandolini\" \/>\n\t<meta name=\"twitter:label2\" content=\"Gesch\u00e4tzte Lesezeit\" \/>\n\t<meta name=\"twitter:data2\" content=\"1\u00a0Minute\" \/>\n<script type=\"application\/ld+json\" class=\"yoast-schema-graph\">{\"@context\":\"https:\\\/\\\/schema.org\",\"@graph\":[{\"@type\":\"Article\",\"@id\":\"https:\\\/\\\/www.mediamix.ch\\\/latest-news\\\/la-team-cosatic-integre-lagence-pour-renforcer-notre-trading-desk-international#article\",\"isPartOf\":{\"@id\":\"https:\\\/\\\/www.mediamix.ch\\\/latest-news\\\/la-team-cosatic-integre-lagence-pour-renforcer-notre-trading-desk-international\"},\"author\":{\"name\":\"Elio Brandolini\",\"@id\":\"https:\\\/\\\/www.mediamix.ch\\\/#\\\/schema\\\/person\\\/16153f45d827095d8b997a29b2f6ca65\"},\"headline\":\"La Team Cosatic int\u00e8gre l\u2019agence pour renforcer notre trading desk international\",\"datePublished\":\"2023-06-14T08:59:54+00:00\",\"dateModified\":\"2023-08-18T13:44:10+00:00\",\"mainEntityOfPage\":{\"@id\":\"https:\\\/\\\/www.mediamix.ch\\\/latest-news\\\/la-team-cosatic-integre-lagence-pour-renforcer-notre-trading-desk-international\"},\"wordCount\":111,\"publisher\":{\"@id\":\"https:\\\/\\\/www.mediamix.ch\\\/#organization\"},\"image\":{\"@id\":\"https:\\\/\\\/www.mediamix.ch\\\/latest-news\\\/la-team-cosatic-integre-lagence-pour-renforcer-notre-trading-desk-international#primaryimage\"},\"thumbnailUrl\":\"https:\\\/\\\/www.mediamix.ch\\\/wp-content\\\/uploads\\\/2023\\\/06\\\/Article_3.png\",\"articleSection\":[\"News\"],\"inLanguage\":\"de\"},{\"@type\":\"WebPage\",\"@id\":\"https:\\\/\\\/www.mediamix.ch\\\/latest-news\\\/la-team-cosatic-integre-lagence-pour-renforcer-notre-trading-desk-international\",\"url\":\"https:\\\/\\\/www.mediamix.ch\\\/latest-news\\\/la-team-cosatic-integre-lagence-pour-renforcer-notre-trading-desk-international\",\"name\":\"La Team Cosatic int\u00e8gre l\u2019agence pour renforcer notre trading desk international - Mediamix\",\"isPartOf\":{\"@id\":\"https:\\\/\\\/www.mediamix.ch\\\/#website\"},\"primaryImageOfPage\":{\"@id\":\"https:\\\/\\\/www.mediamix.ch\\\/latest-news\\\/la-team-cosatic-integre-lagence-pour-renforcer-notre-trading-desk-international#primaryimage\"},\"image\":{\"@id\":\"https:\\\/\\\/www.mediamix.ch\\\/latest-news\\\/la-team-cosatic-integre-lagence-pour-renforcer-notre-trading-desk-international#primaryimage\"},\"thumbnailUrl\":\"https:\\\/\\\/www.mediamix.ch\\\/wp-content\\\/uploads\\\/2023\\\/06\\\/Article_3.png\",\"datePublished\":\"2023-06-14T08:59:54+00:00\",\"dateModified\":\"2023-08-18T13:44:10+00:00\",\"description\":\"Pour renforcer notre cuv\u00e9e 2023 et les suivantes, nous avons int\u00e9gr\u00e9 nos coll\u00e8gues de longue date de l\u2019agence Cosatic.\",\"breadcrumb\":{\"@id\":\"https:\\\/\\\/www.mediamix.ch\\\/latest-news\\\/la-team-cosatic-integre-lagence-pour-renforcer-notre-trading-desk-international#breadcrumb\"},\"inLanguage\":\"de\",\"potentialAction\":[{\"@type\":\"ReadAction\",\"target\":[\"https:\\\/\\\/www.mediamix.ch\\\/latest-news\\\/la-team-cosatic-integre-lagence-pour-renforcer-notre-trading-desk-international\"]}]},{\"@type\":\"ImageObject\",\"inLanguage\":\"de\",\"@id\":\"https:\\\/\\\/www.mediamix.ch\\\/latest-news\\\/la-team-cosatic-integre-lagence-pour-renforcer-notre-trading-desk-international#primaryimage\",\"url\":\"https:\\\/\\\/www.mediamix.ch\\\/wp-content\\\/uploads\\\/2023\\\/06\\\/Article_3.png\",\"contentUrl\":\"https:\\\/\\\/www.mediamix.ch\\\/wp-content\\\/uploads\\\/2023\\\/06\\\/Article_3.png\",\"width\":1920,\"height\":1080},{\"@type\":\"BreadcrumbList\",\"@id\":\"https:\\\/\\\/www.mediamix.ch\\\/latest-news\\\/la-team-cosatic-integre-lagence-pour-renforcer-notre-trading-desk-international#breadcrumb\",\"itemListElement\":[{\"@type\":\"ListItem\",\"position\":1,\"name\":\"Accueil\",\"item\":\"https:\\\/\\\/www.mediamix.ch\\\/\"},{\"@type\":\"ListItem\",\"position\":2,\"name\":\"La Team Cosatic int\u00e8gre l\u2019agence pour renforcer notre trading desk international\"}]},{\"@type\":\"WebSite\",\"@id\":\"https:\\\/\\\/www.mediamix.ch\\\/#website\",\"url\":\"https:\\\/\\\/www.mediamix.ch\\\/\",\"name\":\"Mediamix\",\"description\":\"International media experts\",\"publisher\":{\"@id\":\"https:\\\/\\\/www.mediamix.ch\\\/#organization\"},\"potentialAction\":[{\"@type\":\"SearchAction\",\"target\":{\"@type\":\"EntryPoint\",\"urlTemplate\":\"https:\\\/\\\/www.mediamix.ch\\\/?s={search_term_string}\"},\"query-input\":{\"@type\":\"PropertyValueSpecification\",\"valueRequired\":true,\"valueName\":\"search_term_string\"}}],\"inLanguage\":\"de\"},{\"@type\":\"Organization\",\"@id\":\"https:\\\/\\\/www.mediamix.ch\\\/#organization\",\"name\":\"Mediamix\",\"url\":\"https:\\\/\\\/www.mediamix.ch\\\/\",\"logo\":{\"@type\":\"ImageObject\",\"inLanguage\":\"de\",\"@id\":\"https:\\\/\\\/www.mediamix.ch\\\/#\\\/schema\\\/logo\\\/image\\\/\",\"url\":\"https:\\\/\\\/www.mediamix.ch\\\/wp-content\\\/uploads\\\/2023\\\/02\\\/Logo-blanc.png\",\"contentUrl\":\"https:\\\/\\\/www.mediamix.ch\\\/wp-content\\\/uploads\\\/2023\\\/02\\\/Logo-blanc.png\",\"width\":215,\"height\":52,\"caption\":\"Mediamix\"},\"image\":{\"@id\":\"https:\\\/\\\/www.mediamix.ch\\\/#\\\/schema\\\/logo\\\/image\\\/\"},\"sameAs\":[\"https:\\\/\\\/www.facebook.com\\\/mediamixsa\\\/\",\"https:\\\/\\\/x.com\\\/MediamixSa\",\"https:\\\/\\\/www.linkedin.com\\\/company\\\/mediamix-sa\\\/\",\"https:\\\/\\\/www.youtube.com\\\/channel\\\/UCcoZdvsRrE0zpAQGkpCbh-A\",\"https:\\\/\\\/www.instagram.com\\\/mediamixsa\\\/\",\"https:\\\/\\\/www.pinterest.fr\\\/MediamixSA\\\/\"]},{\"@type\":\"Person\",\"@id\":\"https:\\\/\\\/www.mediamix.ch\\\/#\\\/schema\\\/person\\\/16153f45d827095d8b997a29b2f6ca65\",\"name\":\"Elio Brandolini\",\"url\":\"https:\\\/\\\/www.mediamix.ch\\\/de\\\/author\\\/elio\"}]}<\/script>\n<!-- \/ Yoast SEO Premium plugin. -->","yoast_head_json":{"title":"Das Cosatic Team tritt in die Agentur bei, um unseren internationalen Trading Desk zu verst\u00e4rken - Mediamix","description":"Um unseren Jahrgang 2023 und die folgenden Jahrg\u00e4nge zu verst\u00e4rken, haben wir schlie\u00dflich unsere langj\u00e4hrigen Kollegen von der Agentur Cosatic aufgenommen.","robots":{"index":"index","follow":"follow","max-snippet":"max-snippet:-1","max-image-preview":"max-image-preview:large","max-video-preview":"max-video-preview:-1"},"canonical":"https:\/\/www.mediamix.ch\/de\/latest-news\/das-cosatic-team-tritt-in-die-agentur-bei-um-unseren-internationalen-trading-desk-zu-verstarken\/","og_locale":"de_DE","og_type":"article","og_title":"La Team Cosatic int\u00e8gre l\u2019agence pour renforcer notre trading desk international","og_description":"Pour renforcer notre cuv\u00e9e 2023 et les suivantes, nous avons int\u00e9gr\u00e9 nos coll\u00e8gues de longue date de l\u2019agence Cosatic.","og_url":"https:\/\/www.mediamix.ch\/de\/latest-news\/das-cosatic-team-tritt-in-die-agentur-bei-um-unseren-internationalen-trading-desk-zu-verstarken\/","og_site_name":"Mediamix","article_publisher":"https:\/\/www.facebook.com\/mediamixsa\/","article_published_time":"2023-06-14T08:59:54+00:00","article_modified_time":"2023-08-18T13:44:10+00:00","og_image":[{"width":1920,"height":1080,"url":"https:\/\/www.mediamix.ch\/wp-content\/uploads\/2023\/06\/Article_3.png","type":"image\/png"}],"author":"Elio Brandolini","twitter_card":"summary_large_image","twitter_creator":"@MediamixSa","twitter_site":"@MediamixSa","twitter_misc":{"Verfasst von":"Elio Brandolini","Gesch\u00e4tzte Lesezeit":"1\u00a0Minute"},"schema":{"@context":"https:\/\/schema.org","@graph":[{"@type":"Article","@id":"https:\/\/www.mediamix.ch\/latest-news\/la-team-cosatic-integre-lagence-pour-renforcer-notre-trading-desk-international#article","isPartOf":{"@id":"https:\/\/www.mediamix.ch\/latest-news\/la-team-cosatic-integre-lagence-pour-renforcer-notre-trading-desk-international"},"author":{"name":"Elio Brandolini","@id":"https:\/\/www.mediamix.ch\/#\/schema\/person\/16153f45d827095d8b997a29b2f6ca65"},"headline":"La Team Cosatic int\u00e8gre l\u2019agence pour renforcer notre trading desk international","datePublished":"2023-06-14T08:59:54+00:00","dateModified":"2023-08-18T13:44:10+00:00","mainEntityOfPage":{"@id":"https:\/\/www.mediamix.ch\/latest-news\/la-team-cosatic-integre-lagence-pour-renforcer-notre-trading-desk-international"},"wordCount":111,"publisher":{"@id":"https:\/\/www.mediamix.ch\/#organization"},"image":{"@id":"https:\/\/www.mediamix.ch\/latest-news\/la-team-cosatic-integre-lagence-pour-renforcer-notre-trading-desk-international#primaryimage"},"thumbnailUrl":"https:\/\/www.mediamix.ch\/wp-content\/uploads\/2023\/06\/Article_3.png","articleSection":["News"],"inLanguage":"de"},{"@type":"WebPage","@id":"https:\/\/www.mediamix.ch\/latest-news\/la-team-cosatic-integre-lagence-pour-renforcer-notre-trading-desk-international","url":"https:\/\/www.mediamix.ch\/latest-news\/la-team-cosatic-integre-lagence-pour-renforcer-notre-trading-desk-international","name":"Das Cosatic Team tritt in die Agentur bei, um unseren internationalen Trading Desk zu verst\u00e4rken - Mediamix","isPartOf":{"@id":"https:\/\/www.mediamix.ch\/#website"},"primaryImageOfPage":{"@id":"https:\/\/www.mediamix.ch\/latest-news\/la-team-cosatic-integre-lagence-pour-renforcer-notre-trading-desk-international#primaryimage"},"image":{"@id":"https:\/\/www.mediamix.ch\/latest-news\/la-team-cosatic-integre-lagence-pour-renforcer-notre-trading-desk-international#primaryimage"},"thumbnailUrl":"https:\/\/www.mediamix.ch\/wp-content\/uploads\/2023\/06\/Article_3.png","datePublished":"2023-06-14T08:59:54+00:00","dateModified":"2023-08-18T13:44:10+00:00","description":"Um unseren Jahrgang 2023 und die folgenden Jahrg\u00e4nge zu verst\u00e4rken, haben wir schlie\u00dflich unsere langj\u00e4hrigen Kollegen von der Agentur Cosatic aufgenommen.","breadcrumb":{"@id":"https:\/\/www.mediamix.ch\/latest-news\/la-team-cosatic-integre-lagence-pour-renforcer-notre-trading-desk-international#breadcrumb"},"inLanguage":"de","potentialAction":[{"@type":"ReadAction","target":["https:\/\/www.mediamix.ch\/latest-news\/la-team-cosatic-integre-lagence-pour-renforcer-notre-trading-desk-international"]}]},{"@type":"ImageObject","inLanguage":"de","@id":"https:\/\/www.mediamix.ch\/latest-news\/la-team-cosatic-integre-lagence-pour-renforcer-notre-trading-desk-international#primaryimage","url":"https:\/\/www.mediamix.ch\/wp-content\/uploads\/2023\/06\/Article_3.png","contentUrl":"https:\/\/www.mediamix.ch\/wp-content\/uploads\/2023\/06\/Article_3.png","width":1920,"height":1080},{"@type":"BreadcrumbList","@id":"https:\/\/www.mediamix.ch\/latest-news\/la-team-cosatic-integre-lagence-pour-renforcer-notre-trading-desk-international#breadcrumb","itemListElement":[{"@type":"ListItem","position":1,"name":"Accueil","item":"https:\/\/www.mediamix.ch\/"},{"@type":"ListItem","position":2,"name":"La Team Cosatic int\u00e8gre l\u2019agence pour renforcer notre trading desk international"}]},{"@type":"WebSite","@id":"https:\/\/www.mediamix.ch\/#website","url":"https:\/\/www.mediamix.ch\/","name":"Mediamix","description":"International media experts","publisher":{"@id":"https:\/\/www.mediamix.ch\/#organization"},"potentialAction":[{"@type":"SearchAction","target":{"@type":"EntryPoint","urlTemplate":"https:\/\/www.mediamix.ch\/?s={search_term_string}"},"query-input":{"@type":"PropertyValueSpecification","valueRequired":true,"valueName":"search_term_string"}}],"inLanguage":"de"},{"@type":"Organization","@id":"https:\/\/www.mediamix.ch\/#organization","name":"Mediamix","url":"https:\/\/www.mediamix.ch\/","logo":{"@type":"ImageObject","inLanguage":"de","@id":"https:\/\/www.mediamix.ch\/#\/schema\/logo\/image\/","url":"https:\/\/www.mediamix.ch\/wp-content\/uploads\/2023\/02\/Logo-blanc.png","contentUrl":"https:\/\/www.mediamix.ch\/wp-content\/uploads\/2023\/02\/Logo-blanc.png","width":215,"height":52,"caption":"Mediamix"},"image":{"@id":"https:\/\/www.mediamix.ch\/#\/schema\/logo\/image\/"},"sameAs":["https:\/\/www.facebook.com\/mediamixsa\/","https:\/\/x.com\/MediamixSa","https:\/\/www.linkedin.com\/company\/mediamix-sa\/","https:\/\/www.youtube.com\/channel\/UCcoZdvsRrE0zpAQGkpCbh-A","https:\/\/www.instagram.com\/mediamixsa\/","https:\/\/www.pinterest.fr\/MediamixSA\/"]},{"@type":"Person","@id":"https:\/\/www.mediamix.ch\/#\/schema\/person\/16153f45d827095d8b997a29b2f6ca65","name":"Elio Brandolini","url":"https:\/\/www.mediamix.ch\/de\/author\/elio"}]}},"_links":{"self":[{"href":"https:\/\/www.mediamix.ch\/de\/wp-json\/wp\/v2\/posts\/10230","targetHints":{"allow":["GET"]}}],"collection":[{"href":"https:\/\/www.mediamix.ch\/de\/wp-json\/wp\/v2\/posts"}],"about":[{"href":"https:\/\/www.mediamix.ch\/de\/wp-json\/wp\/v2\/types\/post"}],"author":[{"embeddable":true,"href":"https:\/\/www.mediamix.ch\/de\/wp-json\/wp\/v2\/users\/7"}],"replies":[{"embeddable":true,"href":"https:\/\/www.mediamix.ch\/de\/wp-json\/wp\/v2\/comments?post=10230"}],"version-history":[{"count":5,"href":"https:\/\/www.mediamix.ch\/de\/wp-json\/wp\/v2\/posts\/10230\/revisions"}],"predecessor-version":[{"id":10238,"href":"https:\/\/www.mediamix.ch\/de\/wp-json\/wp\/v2\/posts\/10230\/revisions\/10238"}],"wp:featuredmedia":[{"embeddable":true,"href":"https:\/\/www.mediamix.ch\/de\/wp-json\/wp\/v2\/media\/10231"}],"wp:attachment":[{"href":"https:\/\/www.mediamix.ch\/de\/wp-json\/wp\/v2\/media?parent=10230"}],"wp:term":[{"taxonomy":"category","embeddable":true,"href":"https:\/\/www.mediamix.ch\/de\/wp-json\/wp\/v2\/categories?post=10230"},{"taxonomy":"post_tag","embeddable":true,"href":"https:\/\/www.mediamix.ch\/de\/wp-json\/wp\/v2\/tags?post=10230"}],"curies":[{"name":"wp","href":"https:\/\/api.w.org\/{rel}","templated":true}]}}