{"id":11160,"date":"2023-08-17T16:21:13","date_gmt":"2023-08-17T14:21:13","guid":{"rendered":"https:\/\/www.mediamix.ch\/?p=11160"},"modified":"2023-08-17T16:21:13","modified_gmt":"2023-08-17T14:21:13","slug":"migros-mediamix-suisses-vacances","status":"publish","type":"post","link":"https:\/\/www.mediamix.ch\/de\/business-cases\/migros-mediamix-suisses-vacances","title":{"rendered":"Migros und Mediamix reisen mit den Schweizern in die Ferien"},"content":{"rendered":"<div data-elementor-type=\"wp-post\" data-elementor-id=\"11160\" class=\"elementor elementor-11160\" data-elementor-post-type=\"post\">\n\t\t\t\t\t\t<section class=\"elementor-section elementor-top-section elementor-element elementor-element-e2fade4 elementor-section-boxed elementor-section-height-default elementor-section-height-default\" data-id=\"e2fade4\" data-element_type=\"section\" data-e-type=\"section\" data-settings=\"{&quot;jet_parallax_layout_list&quot;:[]}\">\n\t\t\t\t\t\t<div class=\"elementor-container elementor-column-gap-default\">\n\t\t\t\t\t<div class=\"elementor-column elementor-col-100 elementor-top-column elementor-element elementor-element-59982e1\" data-id=\"59982e1\" data-element_type=\"column\" data-e-type=\"column\">\n\t\t\t<div class=\"elementor-widget-wrap elementor-element-populated\">\n\t\t\t\t\t\t<div class=\"elementor-element elementor-element-db6f770 elementor-widget elementor-widget-text-editor\" data-id=\"db6f770\" data-element_type=\"widget\" data-e-type=\"widget\" data-widget_type=\"text-editor.default\">\n\t\t\t\t<div class=\"elementor-widget-container\">\n\t\t\t\t\t\t\t\t\t<p>Mit DOOH erreichen Sie Ihre Zielgruppen dort, wo sie sich aufhalten, leben oder arbeiten, mit dynamischen Botschaften sowohl in Bildern als auch in Videos.<\/p><p>Wie w\u00e4re es, wenn Sie sie auch dann \u00fcberraschen, wenn sie an ihrem Urlaubsort in die Ferien fahren?<\/p><p>\u00a0<\/p><p><strong>F\u00fcr seinen Werbekunden Migros hat Mediamix eine DOOH-Kampagne<\/strong> in verschiedenen europ\u00e4ischen Sommerdestinationen realisiert: Teneriffa, Las Palmas de Gran Canaria, Malaga, Mallorca, Valencia, Venedig und Verona.<\/p><p>Es handelt sich um eine augenzwinkernde Kampagne, die sich an Schweizer im Urlaub richtet.<\/p><p>\u00a0<\/p><p>Eine Optimierung und <strong>Flexibilit\u00e4t in Bezug auf Stunden,<\/strong>, <strong>Tage und Bildschirme nur am Meer,<\/strong> nur am Meer, an Flugh\u00e4fen und auf touristischen Hauptverkehrsstra\u00dfen machen diese Kampagne sehr dynamisch.<\/p>\t\t\t\t\t\t\t\t<\/div>\n\t\t\t\t<\/div>\n\t\t\t\t\t<\/div>\n\t\t<\/div>\n\t\t\t\t\t<\/div>\n\t\t<\/section>\n\t\t\t\t<\/div>","protected":false},"excerpt":{"rendered":"<p>Le DOOH permet d\u2019atteindre vos groupes cibles l\u00e0 o\u00f9 ils se trouvent, vivent ou travaillent, avec des messages dynamiques aussi bien en image ou en vid\u00e9o. Et si vous les surpreniez aussi lorsqu\u2019ils partent en vacances sur leur lieu de vill\u00e9giature ? Pour son annonceur la Migros, Mediamix a r\u00e9alis\u00e9 une campagne DOOH dans diff\u00e9rentes [&hellip;]<\/p>\n","protected":false},"author":15,"featured_media":11170,"comment_status":"closed","ping_status":"closed","sticky":false,"template":"","format":"standard","meta":{"mc4wp_mailchimp_campaign":[],"footnotes":""},"categories":[16],"tags":[43],"class_list":["post-11160","post","type-post","status-publish","format-standard","has-post-thumbnail","hentry","category-business-cases","tag-dooh"],"yoast_head":"<!-- This site is optimized with the Yoast SEO Premium plugin v27.3 (Yoast SEO v27.3) - https:\/\/yoast.com\/product\/yoast-seo-premium-wordpress\/ -->\n<title>Migros et Mediamix accompagnent les Suisses en vacances - Mediamix<\/title>\n<meta name=\"description\" content=\"Pour son annonceur la Migros, Mediamix a r\u00e9alis\u00e9 une campagne DOOH dans diff\u00e9rentes destinations estivales europ\u00e9ennes en Espagne et en Italie\" \/>\n<meta name=\"robots\" content=\"index, follow, max-snippet:-1, max-image-preview:large, max-video-preview:-1\" \/>\n<link rel=\"canonical\" href=\"https:\/\/www.mediamix.ch\/de\/business-cases\/migros-mediamix-suisses-vacances\/\" \/>\n<meta property=\"og:locale\" content=\"de_DE\" \/>\n<meta property=\"og:type\" content=\"article\" \/>\n<meta property=\"og:title\" content=\"Migros et Mediamix accompagnent les Suisses en vacances\" \/>\n<meta property=\"og:description\" content=\"Pour son annonceur la Migros, Mediamix a r\u00e9alis\u00e9 une campagne DOOH dans diff\u00e9rentes destinations estivales europ\u00e9ennes en Espagne et en Italie\" \/>\n<meta property=\"og:url\" content=\"https:\/\/www.mediamix.ch\/de\/business-cases\/migros-mediamix-suisses-vacances\/\" \/>\n<meta property=\"og:site_name\" content=\"Mediamix\" \/>\n<meta property=\"article:publisher\" content=\"https:\/\/www.facebook.com\/mediamixsa\/\" \/>\n<meta property=\"article:published_time\" content=\"2023-08-17T14:21:13+00:00\" \/>\n<meta property=\"og:image\" content=\"https:\/\/www.mediamix.ch\/wp-content\/uploads\/2023\/08\/article-migros-dooh.jpg\" \/>\n\t<meta property=\"og:image:width\" content=\"768\" \/>\n\t<meta property=\"og:image:height\" content=\"1024\" \/>\n\t<meta property=\"og:image:type\" content=\"image\/jpeg\" \/>\n<meta name=\"author\" content=\"Eve Fogli-Iseppe\" \/>\n<meta name=\"twitter:card\" content=\"summary_large_image\" \/>\n<meta name=\"twitter:creator\" content=\"@MediamixSa\" \/>\n<meta name=\"twitter:site\" content=\"@MediamixSa\" \/>\n<meta name=\"twitter:label1\" content=\"Verfasst von\" \/>\n\t<meta name=\"twitter:data1\" content=\"Eve Fogli-Iseppe\" \/>\n\t<meta name=\"twitter:label2\" content=\"Gesch\u00e4tzte Lesezeit\" \/>\n\t<meta name=\"twitter:data2\" content=\"1\u00a0Minute\" \/>\n<script type=\"application\/ld+json\" class=\"yoast-schema-graph\">{\"@context\":\"https:\\\/\\\/schema.org\",\"@graph\":[{\"@type\":\"Article\",\"@id\":\"https:\\\/\\\/www.mediamix.ch\\\/business-cases\\\/migros-mediamix-suisses-vacances#article\",\"isPartOf\":{\"@id\":\"https:\\\/\\\/www.mediamix.ch\\\/business-cases\\\/migros-mediamix-suisses-vacances\"},\"author\":{\"name\":\"Eve Fogli-Iseppe\",\"@id\":\"https:\\\/\\\/www.mediamix.ch\\\/#\\\/schema\\\/person\\\/ef38e123a008472168f340e5802e523d\"},\"headline\":\"Migros et Mediamix accompagnent les Suisses en vacances\",\"datePublished\":\"2023-08-17T14:21:13+00:00\",\"mainEntityOfPage\":{\"@id\":\"https:\\\/\\\/www.mediamix.ch\\\/business-cases\\\/migros-mediamix-suisses-vacances\"},\"wordCount\":133,\"publisher\":{\"@id\":\"https:\\\/\\\/www.mediamix.ch\\\/#organization\"},\"image\":{\"@id\":\"https:\\\/\\\/www.mediamix.ch\\\/business-cases\\\/migros-mediamix-suisses-vacances#primaryimage\"},\"thumbnailUrl\":\"https:\\\/\\\/www.mediamix.ch\\\/wp-content\\\/uploads\\\/2023\\\/08\\\/article-migros-dooh.jpg\",\"keywords\":[\"DOOH\"],\"articleSection\":[\"Business cases\"],\"inLanguage\":\"de\"},{\"@type\":\"WebPage\",\"@id\":\"https:\\\/\\\/www.mediamix.ch\\\/business-cases\\\/migros-mediamix-suisses-vacances\",\"url\":\"https:\\\/\\\/www.mediamix.ch\\\/business-cases\\\/migros-mediamix-suisses-vacances\",\"name\":\"Migros et Mediamix accompagnent les Suisses en vacances - Mediamix\",\"isPartOf\":{\"@id\":\"https:\\\/\\\/www.mediamix.ch\\\/#website\"},\"primaryImageOfPage\":{\"@id\":\"https:\\\/\\\/www.mediamix.ch\\\/business-cases\\\/migros-mediamix-suisses-vacances#primaryimage\"},\"image\":{\"@id\":\"https:\\\/\\\/www.mediamix.ch\\\/business-cases\\\/migros-mediamix-suisses-vacances#primaryimage\"},\"thumbnailUrl\":\"https:\\\/\\\/www.mediamix.ch\\\/wp-content\\\/uploads\\\/2023\\\/08\\\/article-migros-dooh.jpg\",\"datePublished\":\"2023-08-17T14:21:13+00:00\",\"description\":\"Pour son annonceur la Migros, Mediamix a r\u00e9alis\u00e9 une campagne DOOH dans diff\u00e9rentes destinations estivales europ\u00e9ennes en Espagne et en Italie\",\"breadcrumb\":{\"@id\":\"https:\\\/\\\/www.mediamix.ch\\\/business-cases\\\/migros-mediamix-suisses-vacances#breadcrumb\"},\"inLanguage\":\"de\",\"potentialAction\":[{\"@type\":\"ReadAction\",\"target\":[\"https:\\\/\\\/www.mediamix.ch\\\/business-cases\\\/migros-mediamix-suisses-vacances\"]}]},{\"@type\":\"ImageObject\",\"inLanguage\":\"de\",\"@id\":\"https:\\\/\\\/www.mediamix.ch\\\/business-cases\\\/migros-mediamix-suisses-vacances#primaryimage\",\"url\":\"https:\\\/\\\/www.mediamix.ch\\\/wp-content\\\/uploads\\\/2023\\\/08\\\/article-migros-dooh.jpg\",\"contentUrl\":\"https:\\\/\\\/www.mediamix.ch\\\/wp-content\\\/uploads\\\/2023\\\/08\\\/article-migros-dooh.jpg\",\"width\":768,\"height\":1024,\"caption\":\"Pour son annonceur la Migros, Mediamix a r\u00e9alis\u00e9 une campagne DOOH dans diff\u00e9rentes destinations estivales europ\u00e9ennes en Espagne et en Italie\"},{\"@type\":\"BreadcrumbList\",\"@id\":\"https:\\\/\\\/www.mediamix.ch\\\/business-cases\\\/migros-mediamix-suisses-vacances#breadcrumb\",\"itemListElement\":[{\"@type\":\"ListItem\",\"position\":1,\"name\":\"Accueil\",\"item\":\"https:\\\/\\\/www.mediamix.ch\\\/\"},{\"@type\":\"ListItem\",\"position\":2,\"name\":\"Migros et Mediamix accompagnent les Suisses en vacances\"}]},{\"@type\":\"WebSite\",\"@id\":\"https:\\\/\\\/www.mediamix.ch\\\/#website\",\"url\":\"https:\\\/\\\/www.mediamix.ch\\\/\",\"name\":\"Mediamix\",\"description\":\"International media experts\",\"publisher\":{\"@id\":\"https:\\\/\\\/www.mediamix.ch\\\/#organization\"},\"potentialAction\":[{\"@type\":\"SearchAction\",\"target\":{\"@type\":\"EntryPoint\",\"urlTemplate\":\"https:\\\/\\\/www.mediamix.ch\\\/?s={search_term_string}\"},\"query-input\":{\"@type\":\"PropertyValueSpecification\",\"valueRequired\":true,\"valueName\":\"search_term_string\"}}],\"inLanguage\":\"de\"},{\"@type\":\"Organization\",\"@id\":\"https:\\\/\\\/www.mediamix.ch\\\/#organization\",\"name\":\"Mediamix\",\"url\":\"https:\\\/\\\/www.mediamix.ch\\\/\",\"logo\":{\"@type\":\"ImageObject\",\"inLanguage\":\"de\",\"@id\":\"https:\\\/\\\/www.mediamix.ch\\\/#\\\/schema\\\/logo\\\/image\\\/\",\"url\":\"https:\\\/\\\/www.mediamix.ch\\\/wp-content\\\/uploads\\\/2023\\\/02\\\/Logo-blanc.png\",\"contentUrl\":\"https:\\\/\\\/www.mediamix.ch\\\/wp-content\\\/uploads\\\/2023\\\/02\\\/Logo-blanc.png\",\"width\":215,\"height\":52,\"caption\":\"Mediamix\"},\"image\":{\"@id\":\"https:\\\/\\\/www.mediamix.ch\\\/#\\\/schema\\\/logo\\\/image\\\/\"},\"sameAs\":[\"https:\\\/\\\/www.facebook.com\\\/mediamixsa\\\/\",\"https:\\\/\\\/x.com\\\/MediamixSa\",\"https:\\\/\\\/www.linkedin.com\\\/company\\\/mediamix-sa\\\/\",\"https:\\\/\\\/www.youtube.com\\\/channel\\\/UCcoZdvsRrE0zpAQGkpCbh-A\",\"https:\\\/\\\/www.instagram.com\\\/mediamixsa\\\/\",\"https:\\\/\\\/www.pinterest.fr\\\/MediamixSA\\\/\"]},{\"@type\":\"Person\",\"@id\":\"https:\\\/\\\/www.mediamix.ch\\\/#\\\/schema\\\/person\\\/ef38e123a008472168f340e5802e523d\",\"name\":\"Eve Fogli-Iseppe\",\"url\":\"https:\\\/\\\/www.mediamix.ch\\\/de\\\/author\\\/eve\"}]}<\/script>\n<!-- \/ Yoast SEO Premium plugin. -->","yoast_head_json":{"title":"Migros und Mediamix reisen mit den Schweizern in die Ferien","description":"F\u00fcr seinen Werbekunden la Migros realisierte Mediamix eine DOOH-Kampagne in verschiedenen europ\u00e4ischen Sommerdestinationen in Spanien und Italien.","robots":{"index":"index","follow":"follow","max-snippet":"max-snippet:-1","max-image-preview":"max-image-preview:large","max-video-preview":"max-video-preview:-1"},"canonical":"https:\/\/www.mediamix.ch\/de\/business-cases\/migros-mediamix-suisses-vacances\/","og_locale":"de_DE","og_type":"article","og_title":"Migros et Mediamix accompagnent les Suisses en vacances","og_description":"Pour son annonceur la Migros, Mediamix a r\u00e9alis\u00e9 une campagne DOOH dans diff\u00e9rentes destinations estivales europ\u00e9ennes en Espagne et en Italie","og_url":"https:\/\/www.mediamix.ch\/de\/business-cases\/migros-mediamix-suisses-vacances\/","og_site_name":"Mediamix","article_publisher":"https:\/\/www.facebook.com\/mediamixsa\/","article_published_time":"2023-08-17T14:21:13+00:00","og_image":[{"width":768,"height":1024,"url":"https:\/\/www.mediamix.ch\/wp-content\/uploads\/2023\/08\/article-migros-dooh.jpg","type":"image\/jpeg"}],"author":"Eve Fogli-Iseppe","twitter_card":"summary_large_image","twitter_creator":"@MediamixSa","twitter_site":"@MediamixSa","twitter_misc":{"Verfasst von":"Eve Fogli-Iseppe","Gesch\u00e4tzte Lesezeit":"1\u00a0Minute"},"schema":{"@context":"https:\/\/schema.org","@graph":[{"@type":"Article","@id":"https:\/\/www.mediamix.ch\/business-cases\/migros-mediamix-suisses-vacances#article","isPartOf":{"@id":"https:\/\/www.mediamix.ch\/business-cases\/migros-mediamix-suisses-vacances"},"author":{"name":"Eve Fogli-Iseppe","@id":"https:\/\/www.mediamix.ch\/#\/schema\/person\/ef38e123a008472168f340e5802e523d"},"headline":"Migros et Mediamix accompagnent les Suisses en vacances","datePublished":"2023-08-17T14:21:13+00:00","mainEntityOfPage":{"@id":"https:\/\/www.mediamix.ch\/business-cases\/migros-mediamix-suisses-vacances"},"wordCount":133,"publisher":{"@id":"https:\/\/www.mediamix.ch\/#organization"},"image":{"@id":"https:\/\/www.mediamix.ch\/business-cases\/migros-mediamix-suisses-vacances#primaryimage"},"thumbnailUrl":"https:\/\/www.mediamix.ch\/wp-content\/uploads\/2023\/08\/article-migros-dooh.jpg","keywords":["DOOH"],"articleSection":["Business cases"],"inLanguage":"de"},{"@type":"WebPage","@id":"https:\/\/www.mediamix.ch\/business-cases\/migros-mediamix-suisses-vacances","url":"https:\/\/www.mediamix.ch\/business-cases\/migros-mediamix-suisses-vacances","name":"Migros und Mediamix reisen mit den Schweizern in die Ferien","isPartOf":{"@id":"https:\/\/www.mediamix.ch\/#website"},"primaryImageOfPage":{"@id":"https:\/\/www.mediamix.ch\/business-cases\/migros-mediamix-suisses-vacances#primaryimage"},"image":{"@id":"https:\/\/www.mediamix.ch\/business-cases\/migros-mediamix-suisses-vacances#primaryimage"},"thumbnailUrl":"https:\/\/www.mediamix.ch\/wp-content\/uploads\/2023\/08\/article-migros-dooh.jpg","datePublished":"2023-08-17T14:21:13+00:00","description":"F\u00fcr seinen Werbekunden la Migros realisierte Mediamix eine DOOH-Kampagne in verschiedenen europ\u00e4ischen Sommerdestinationen in Spanien und Italien.","breadcrumb":{"@id":"https:\/\/www.mediamix.ch\/business-cases\/migros-mediamix-suisses-vacances#breadcrumb"},"inLanguage":"de","potentialAction":[{"@type":"ReadAction","target":["https:\/\/www.mediamix.ch\/business-cases\/migros-mediamix-suisses-vacances"]}]},{"@type":"ImageObject","inLanguage":"de","@id":"https:\/\/www.mediamix.ch\/business-cases\/migros-mediamix-suisses-vacances#primaryimage","url":"https:\/\/www.mediamix.ch\/wp-content\/uploads\/2023\/08\/article-migros-dooh.jpg","contentUrl":"https:\/\/www.mediamix.ch\/wp-content\/uploads\/2023\/08\/article-migros-dooh.jpg","width":768,"height":1024,"caption":"Pour son annonceur la Migros, Mediamix a r\u00e9alis\u00e9 une campagne DOOH dans diff\u00e9rentes destinations estivales europ\u00e9ennes en Espagne et en Italie"},{"@type":"BreadcrumbList","@id":"https:\/\/www.mediamix.ch\/business-cases\/migros-mediamix-suisses-vacances#breadcrumb","itemListElement":[{"@type":"ListItem","position":1,"name":"Accueil","item":"https:\/\/www.mediamix.ch\/"},{"@type":"ListItem","position":2,"name":"Migros et Mediamix accompagnent les Suisses en vacances"}]},{"@type":"WebSite","@id":"https:\/\/www.mediamix.ch\/#website","url":"https:\/\/www.mediamix.ch\/","name":"Mediamix","description":"International media experts","publisher":{"@id":"https:\/\/www.mediamix.ch\/#organization"},"potentialAction":[{"@type":"SearchAction","target":{"@type":"EntryPoint","urlTemplate":"https:\/\/www.mediamix.ch\/?s={search_term_string}"},"query-input":{"@type":"PropertyValueSpecification","valueRequired":true,"valueName":"search_term_string"}}],"inLanguage":"de"},{"@type":"Organization","@id":"https:\/\/www.mediamix.ch\/#organization","name":"Mediamix","url":"https:\/\/www.mediamix.ch\/","logo":{"@type":"ImageObject","inLanguage":"de","@id":"https:\/\/www.mediamix.ch\/#\/schema\/logo\/image\/","url":"https:\/\/www.mediamix.ch\/wp-content\/uploads\/2023\/02\/Logo-blanc.png","contentUrl":"https:\/\/www.mediamix.ch\/wp-content\/uploads\/2023\/02\/Logo-blanc.png","width":215,"height":52,"caption":"Mediamix"},"image":{"@id":"https:\/\/www.mediamix.ch\/#\/schema\/logo\/image\/"},"sameAs":["https:\/\/www.facebook.com\/mediamixsa\/","https:\/\/x.com\/MediamixSa","https:\/\/www.linkedin.com\/company\/mediamix-sa\/","https:\/\/www.youtube.com\/channel\/UCcoZdvsRrE0zpAQGkpCbh-A","https:\/\/www.instagram.com\/mediamixsa\/","https:\/\/www.pinterest.fr\/MediamixSA\/"]},{"@type":"Person","@id":"https:\/\/www.mediamix.ch\/#\/schema\/person\/ef38e123a008472168f340e5802e523d","name":"Eve Fogli-Iseppe","url":"https:\/\/www.mediamix.ch\/de\/author\/eve"}]}},"_links":{"self":[{"href":"https:\/\/www.mediamix.ch\/de\/wp-json\/wp\/v2\/posts\/11160","targetHints":{"allow":["GET"]}}],"collection":[{"href":"https:\/\/www.mediamix.ch\/de\/wp-json\/wp\/v2\/posts"}],"about":[{"href":"https:\/\/www.mediamix.ch\/de\/wp-json\/wp\/v2\/types\/post"}],"author":[{"embeddable":true,"href":"https:\/\/www.mediamix.ch\/de\/wp-json\/wp\/v2\/users\/15"}],"replies":[{"embeddable":true,"href":"https:\/\/www.mediamix.ch\/de\/wp-json\/wp\/v2\/comments?post=11160"}],"version-history":[{"count":8,"href":"https:\/\/www.mediamix.ch\/de\/wp-json\/wp\/v2\/posts\/11160\/revisions"}],"predecessor-version":[{"id":11168,"href":"https:\/\/www.mediamix.ch\/de\/wp-json\/wp\/v2\/posts\/11160\/revisions\/11168"}],"wp:featuredmedia":[{"embeddable":true,"href":"https:\/\/www.mediamix.ch\/de\/wp-json\/wp\/v2\/media\/11170"}],"wp:attachment":[{"href":"https:\/\/www.mediamix.ch\/de\/wp-json\/wp\/v2\/media?parent=11160"}],"wp:term":[{"taxonomy":"category","embeddable":true,"href":"https:\/\/www.mediamix.ch\/de\/wp-json\/wp\/v2\/categories?post=11160"},{"taxonomy":"post_tag","embeddable":true,"href":"https:\/\/www.mediamix.ch\/de\/wp-json\/wp\/v2\/tags?post=11160"}],"curies":[{"name":"wp","href":"https:\/\/api.w.org\/{rel}","templated":true}]}}