{"id":11238,"date":"2023-09-14T12:04:47","date_gmt":"2023-09-14T10:04:47","guid":{"rendered":"https:\/\/www.mediamix.ch\/?p=11238"},"modified":"2023-11-20T13:56:19","modified_gmt":"2023-11-20T12:56:19","slug":"interview-mit-laetitia-foeller-cdo","status":"publish","type":"post","link":"https:\/\/www.mediamix.ch\/de\/latest-news\/interview-de-laetitia-foeller-cdo","title":{"rendered":"Interview mit Laetitia Foeller - CDO von Mediamix"},"content":{"rendered":"<div data-elementor-type=\"wp-post\" data-elementor-id=\"11238\" class=\"elementor elementor-11238\" data-elementor-post-type=\"post\">\n\t\t\t\t\t\t<section class=\"elementor-section elementor-top-section elementor-element elementor-element-23607de elementor-section-boxed elementor-section-height-default elementor-section-height-default\" data-id=\"23607de\" data-element_type=\"section\" data-e-type=\"section\" data-settings=\"{&quot;jet_parallax_layout_list&quot;:[]}\">\n\t\t\t\t\t\t<div class=\"elementor-container elementor-column-gap-default\">\n\t\t\t\t\t<div class=\"elementor-column elementor-col-100 elementor-top-column elementor-element elementor-element-f8baac7\" data-id=\"f8baac7\" data-element_type=\"column\" data-e-type=\"column\">\n\t\t\t<div class=\"elementor-widget-wrap elementor-element-populated\">\n\t\t\t\t\t\t<div class=\"elementor-element elementor-element-3e77217 elementor-widget elementor-widget-text-editor\" data-id=\"3e77217\" data-element_type=\"widget\" data-e-type=\"widget\" data-widget_type=\"text-editor.default\">\n\t\t\t\t<div class=\"elementor-widget-container\">\n\t\t\t\t\t\t\t\t\t<p>Entdecken Sie Laetitia Foeller, Chief Digital Officer, und Henri Tripet, CEO von Mediamix, f\u00fcr ein neues Interview!<\/p><p>Auf der Tagesordnung:<\/p><p>Die neuen programmatischen Technologien, die sozialen Netzwerke, die Digitalisierung der Offline-Medien: Wie kann man mit der st\u00e4ndigen Entwicklung dieser Plattformen auf globaler Ebene Schritt halten?<\/p><p>Wie bleibt man an der Spitze und beherrscht die immer ausgefeilteren Planungs- und Analysetechniken?<\/p><p>Wir erz\u00e4hlen Ihnen alles!<\/p>\t\t\t\t\t\t\t\t<\/div>\n\t\t\t\t<\/div>\n\t\t\t\t\t<\/div>\n\t\t<\/div>\n\t\t\t\t\t<\/div>\n\t\t<\/section>\n\t\t\t\t<section class=\"elementor-section elementor-top-section elementor-element elementor-element-65bea96 elementor-section-boxed elementor-section-height-default elementor-section-height-default\" data-id=\"65bea96\" data-element_type=\"section\" data-e-type=\"section\" data-settings=\"{&quot;jet_parallax_layout_list&quot;:[]}\">\n\t\t\t\t\t\t<div class=\"elementor-container elementor-column-gap-default\">\n\t\t\t\t\t<div class=\"elementor-column elementor-col-100 elementor-top-column elementor-element elementor-element-bf11bff\" data-id=\"bf11bff\" data-element_type=\"column\" data-e-type=\"column\">\n\t\t\t<div class=\"elementor-widget-wrap elementor-element-populated\">\n\t\t\t\t\t\t<div class=\"elementor-element elementor-element-4d76e1b elementor-widget elementor-widget-video\" data-id=\"4d76e1b\" data-element_type=\"widget\" data-e-type=\"widget\" data-settings=\"{&quot;youtube_url&quot;:&quot;https:\\\/\\\/youtu.be\\\/oyF0sMldOmQ&quot;,&quot;yt_privacy&quot;:&quot;yes&quot;,&quot;video_type&quot;:&quot;youtube&quot;,&quot;controls&quot;:&quot;yes&quot;}\" data-widget_type=\"video.default\">\n\t\t\t\t<div class=\"elementor-widget-container\">\n\t\t\t\t\t\t\t<div class=\"elementor-wrapper elementor-open-inline\">\n\t\t\t<div class=\"elementor-video\"><\/div>\t\t<\/div>\n\t\t\t\t\t\t<\/div>\n\t\t\t\t<\/div>\n\t\t\t\t\t<\/div>\n\t\t<\/div>\n\t\t\t\t\t<\/div>\n\t\t<\/section>\n\t\t\t\t<\/div>","protected":false},"excerpt":{"rendered":"<p>Retrouvez Laetitia Foeller, Chief Digital Officer et Henri Tripet, CEO de Mediamix, pour une nouvelle interview\u00a0! Au menu\u00a0: Les nouvelles technologies programmatiques, les r\u00e9seaux sociaux, la digitalisation des m\u00e9dia offlines: comment suivre l&rsquo;\u00e9volution constante de ces plateformes au niveau mondial? Comment rester \u00e0 la pointe et ma\u00eetriser des techniques de planification et d&rsquo;analyse toujours plus [&hellip;]<\/p>\n","protected":false},"author":7,"featured_media":11239,"comment_status":"closed","ping_status":"closed","sticky":false,"template":"","format":"standard","meta":{"mc4wp_mailchimp_campaign":[],"footnotes":""},"categories":[14],"tags":[],"class_list":["post-11238","post","type-post","status-publish","format-standard","has-post-thumbnail","hentry","category-latest-news"],"yoast_head":"<!-- This site is optimized with the Yoast SEO Premium plugin v27.3 (Yoast SEO v27.3) - https:\/\/yoast.com\/product\/yoast-seo-premium-wordpress\/ -->\n<title>Interview de Laetitia Foeller - CDO de Mediamix - Mediamix<\/title>\n<meta name=\"description\" content=\"Les nouvelles technologies programmatiques: comment suivre l&#039;\u00e9volution constante de ces plateformes au niveau mondia\" \/>\n<meta name=\"robots\" content=\"index, follow, max-snippet:-1, max-image-preview:large, max-video-preview:-1\" \/>\n<link rel=\"canonical\" href=\"https:\/\/www.mediamix.ch\/de\/latest-news\/interview-mit-laetitia-foeller-cdo\/\" \/>\n<meta property=\"og:locale\" content=\"de_DE\" \/>\n<meta property=\"og:type\" content=\"article\" \/>\n<meta property=\"og:title\" content=\"Interview de Laetitia Foeller - CDO de Mediamix\" \/>\n<meta property=\"og:description\" content=\"Les nouvelles technologies programmatiques: comment suivre l&#039;\u00e9volution constante de ces plateformes au niveau mondia\" \/>\n<meta property=\"og:url\" content=\"https:\/\/www.mediamix.ch\/de\/latest-news\/interview-mit-laetitia-foeller-cdo\/\" \/>\n<meta property=\"og:site_name\" content=\"Mediamix\" \/>\n<meta property=\"article:publisher\" content=\"https:\/\/www.facebook.com\/mediamixsa\/\" \/>\n<meta property=\"article:published_time\" content=\"2023-09-14T10:04:47+00:00\" \/>\n<meta property=\"article:modified_time\" content=\"2023-11-20T12:56:19+00:00\" \/>\n<meta property=\"og:image\" content=\"https:\/\/www.mediamix.ch\/wp-content\/uploads\/2023\/09\/vignette-interview-Laetita-Foeller.jpg\" \/>\n\t<meta property=\"og:image:width\" content=\"1920\" \/>\n\t<meta property=\"og:image:height\" content=\"1080\" \/>\n\t<meta property=\"og:image:type\" content=\"image\/jpeg\" \/>\n<meta name=\"author\" content=\"Elio Brandolini\" \/>\n<meta name=\"twitter:card\" content=\"summary_large_image\" \/>\n<meta name=\"twitter:creator\" content=\"@MediamixSa\" \/>\n<meta name=\"twitter:site\" content=\"@MediamixSa\" \/>\n<meta name=\"twitter:label1\" content=\"Verfasst von\" \/>\n\t<meta name=\"twitter:data1\" content=\"Elio Brandolini\" \/>\n\t<meta name=\"twitter:label2\" content=\"Gesch\u00e4tzte Lesezeit\" \/>\n\t<meta name=\"twitter:data2\" content=\"1\u00a0Minute\" \/>\n<script type=\"application\/ld+json\" class=\"yoast-schema-graph\">{\"@context\":\"https:\\\/\\\/schema.org\",\"@graph\":[{\"@type\":\"Article\",\"@id\":\"https:\\\/\\\/www.mediamix.ch\\\/latest-news\\\/interview-de-laetitia-foeller-cdo#article\",\"isPartOf\":{\"@id\":\"https:\\\/\\\/www.mediamix.ch\\\/latest-news\\\/interview-de-laetitia-foeller-cdo\"},\"author\":{\"name\":\"Elio Brandolini\",\"@id\":\"https:\\\/\\\/www.mediamix.ch\\\/#\\\/schema\\\/person\\\/16153f45d827095d8b997a29b2f6ca65\"},\"headline\":\"Interview de Laetitia Foeller &#8211; CDO de Mediamix\",\"datePublished\":\"2023-09-14T10:04:47+00:00\",\"dateModified\":\"2023-11-20T12:56:19+00:00\",\"mainEntityOfPage\":{\"@id\":\"https:\\\/\\\/www.mediamix.ch\\\/latest-news\\\/interview-de-laetitia-foeller-cdo\"},\"wordCount\":78,\"publisher\":{\"@id\":\"https:\\\/\\\/www.mediamix.ch\\\/#organization\"},\"image\":{\"@id\":\"https:\\\/\\\/www.mediamix.ch\\\/latest-news\\\/interview-de-laetitia-foeller-cdo#primaryimage\"},\"thumbnailUrl\":\"https:\\\/\\\/www.mediamix.ch\\\/wp-content\\\/uploads\\\/2023\\\/09\\\/vignette-interview-Laetita-Foeller.jpg\",\"articleSection\":[\"News\"],\"inLanguage\":\"de\"},{\"@type\":\"WebPage\",\"@id\":\"https:\\\/\\\/www.mediamix.ch\\\/latest-news\\\/interview-de-laetitia-foeller-cdo\",\"url\":\"https:\\\/\\\/www.mediamix.ch\\\/latest-news\\\/interview-de-laetitia-foeller-cdo\",\"name\":\"Interview de Laetitia Foeller - CDO de Mediamix - Mediamix\",\"isPartOf\":{\"@id\":\"https:\\\/\\\/www.mediamix.ch\\\/#website\"},\"primaryImageOfPage\":{\"@id\":\"https:\\\/\\\/www.mediamix.ch\\\/latest-news\\\/interview-de-laetitia-foeller-cdo#primaryimage\"},\"image\":{\"@id\":\"https:\\\/\\\/www.mediamix.ch\\\/latest-news\\\/interview-de-laetitia-foeller-cdo#primaryimage\"},\"thumbnailUrl\":\"https:\\\/\\\/www.mediamix.ch\\\/wp-content\\\/uploads\\\/2023\\\/09\\\/vignette-interview-Laetita-Foeller.jpg\",\"datePublished\":\"2023-09-14T10:04:47+00:00\",\"dateModified\":\"2023-11-20T12:56:19+00:00\",\"description\":\"Les nouvelles technologies programmatiques: comment suivre l'\u00e9volution constante de ces plateformes au niveau mondia\",\"breadcrumb\":{\"@id\":\"https:\\\/\\\/www.mediamix.ch\\\/latest-news\\\/interview-de-laetitia-foeller-cdo#breadcrumb\"},\"inLanguage\":\"de\",\"potentialAction\":[{\"@type\":\"ReadAction\",\"target\":[\"https:\\\/\\\/www.mediamix.ch\\\/latest-news\\\/interview-de-laetitia-foeller-cdo\"]}]},{\"@type\":\"ImageObject\",\"inLanguage\":\"de\",\"@id\":\"https:\\\/\\\/www.mediamix.ch\\\/latest-news\\\/interview-de-laetitia-foeller-cdo#primaryimage\",\"url\":\"https:\\\/\\\/www.mediamix.ch\\\/wp-content\\\/uploads\\\/2023\\\/09\\\/vignette-interview-Laetita-Foeller.jpg\",\"contentUrl\":\"https:\\\/\\\/www.mediamix.ch\\\/wp-content\\\/uploads\\\/2023\\\/09\\\/vignette-interview-Laetita-Foeller.jpg\",\"width\":1920,\"height\":1080,\"caption\":\"vignette-interview- Laetita Foeller\"},{\"@type\":\"BreadcrumbList\",\"@id\":\"https:\\\/\\\/www.mediamix.ch\\\/latest-news\\\/interview-de-laetitia-foeller-cdo#breadcrumb\",\"itemListElement\":[{\"@type\":\"ListItem\",\"position\":1,\"name\":\"Accueil\",\"item\":\"https:\\\/\\\/www.mediamix.ch\\\/\"},{\"@type\":\"ListItem\",\"position\":2,\"name\":\"Interview de Laetitia Foeller &#8211; CDO de Mediamix\"}]},{\"@type\":\"WebSite\",\"@id\":\"https:\\\/\\\/www.mediamix.ch\\\/#website\",\"url\":\"https:\\\/\\\/www.mediamix.ch\\\/\",\"name\":\"Mediamix\",\"description\":\"International media experts\",\"publisher\":{\"@id\":\"https:\\\/\\\/www.mediamix.ch\\\/#organization\"},\"potentialAction\":[{\"@type\":\"SearchAction\",\"target\":{\"@type\":\"EntryPoint\",\"urlTemplate\":\"https:\\\/\\\/www.mediamix.ch\\\/?s={search_term_string}\"},\"query-input\":{\"@type\":\"PropertyValueSpecification\",\"valueRequired\":true,\"valueName\":\"search_term_string\"}}],\"inLanguage\":\"de\"},{\"@type\":\"Organization\",\"@id\":\"https:\\\/\\\/www.mediamix.ch\\\/#organization\",\"name\":\"Mediamix\",\"url\":\"https:\\\/\\\/www.mediamix.ch\\\/\",\"logo\":{\"@type\":\"ImageObject\",\"inLanguage\":\"de\",\"@id\":\"https:\\\/\\\/www.mediamix.ch\\\/#\\\/schema\\\/logo\\\/image\\\/\",\"url\":\"https:\\\/\\\/www.mediamix.ch\\\/wp-content\\\/uploads\\\/2023\\\/02\\\/Logo-blanc.png\",\"contentUrl\":\"https:\\\/\\\/www.mediamix.ch\\\/wp-content\\\/uploads\\\/2023\\\/02\\\/Logo-blanc.png\",\"width\":215,\"height\":52,\"caption\":\"Mediamix\"},\"image\":{\"@id\":\"https:\\\/\\\/www.mediamix.ch\\\/#\\\/schema\\\/logo\\\/image\\\/\"},\"sameAs\":[\"https:\\\/\\\/www.facebook.com\\\/mediamixsa\\\/\",\"https:\\\/\\\/x.com\\\/MediamixSa\",\"https:\\\/\\\/www.linkedin.com\\\/company\\\/mediamix-sa\\\/\",\"https:\\\/\\\/www.youtube.com\\\/channel\\\/UCcoZdvsRrE0zpAQGkpCbh-A\",\"https:\\\/\\\/www.instagram.com\\\/mediamixsa\\\/\",\"https:\\\/\\\/www.pinterest.fr\\\/MediamixSA\\\/\"]},{\"@type\":\"Person\",\"@id\":\"https:\\\/\\\/www.mediamix.ch\\\/#\\\/schema\\\/person\\\/16153f45d827095d8b997a29b2f6ca65\",\"name\":\"Elio Brandolini\",\"url\":\"https:\\\/\\\/www.mediamix.ch\\\/de\\\/author\\\/elio\"}]}<\/script>\n<!-- \/ Yoast SEO Premium plugin. -->","yoast_head_json":{"title":"Interview mit Laetitia Foeller - CDO von Mediamix - Mediamix","description":"Die neuen programmatischen Technologien: Wie kann man mit der st\u00e4ndigen Entwicklung dieser Plattformen auf globaler Ebene Schritt halten?","robots":{"index":"index","follow":"follow","max-snippet":"max-snippet:-1","max-image-preview":"max-image-preview:large","max-video-preview":"max-video-preview:-1"},"canonical":"https:\/\/www.mediamix.ch\/de\/latest-news\/interview-mit-laetitia-foeller-cdo\/","og_locale":"de_DE","og_type":"article","og_title":"Interview de Laetitia Foeller - CDO de Mediamix","og_description":"Les nouvelles technologies programmatiques: comment suivre l'\u00e9volution constante de ces plateformes au niveau mondia","og_url":"https:\/\/www.mediamix.ch\/de\/latest-news\/interview-mit-laetitia-foeller-cdo\/","og_site_name":"Mediamix","article_publisher":"https:\/\/www.facebook.com\/mediamixsa\/","article_published_time":"2023-09-14T10:04:47+00:00","article_modified_time":"2023-11-20T12:56:19+00:00","og_image":[{"width":1920,"height":1080,"url":"https:\/\/www.mediamix.ch\/wp-content\/uploads\/2023\/09\/vignette-interview-Laetita-Foeller.jpg","type":"image\/jpeg"}],"author":"Elio Brandolini","twitter_card":"summary_large_image","twitter_creator":"@MediamixSa","twitter_site":"@MediamixSa","twitter_misc":{"Verfasst von":"Elio Brandolini","Gesch\u00e4tzte Lesezeit":"1\u00a0Minute"},"schema":{"@context":"https:\/\/schema.org","@graph":[{"@type":"Article","@id":"https:\/\/www.mediamix.ch\/latest-news\/interview-de-laetitia-foeller-cdo#article","isPartOf":{"@id":"https:\/\/www.mediamix.ch\/latest-news\/interview-de-laetitia-foeller-cdo"},"author":{"name":"Elio Brandolini","@id":"https:\/\/www.mediamix.ch\/#\/schema\/person\/16153f45d827095d8b997a29b2f6ca65"},"headline":"Interview de Laetitia Foeller &#8211; CDO de Mediamix","datePublished":"2023-09-14T10:04:47+00:00","dateModified":"2023-11-20T12:56:19+00:00","mainEntityOfPage":{"@id":"https:\/\/www.mediamix.ch\/latest-news\/interview-de-laetitia-foeller-cdo"},"wordCount":78,"publisher":{"@id":"https:\/\/www.mediamix.ch\/#organization"},"image":{"@id":"https:\/\/www.mediamix.ch\/latest-news\/interview-de-laetitia-foeller-cdo#primaryimage"},"thumbnailUrl":"https:\/\/www.mediamix.ch\/wp-content\/uploads\/2023\/09\/vignette-interview-Laetita-Foeller.jpg","articleSection":["News"],"inLanguage":"de"},{"@type":"WebPage","@id":"https:\/\/www.mediamix.ch\/latest-news\/interview-de-laetitia-foeller-cdo","url":"https:\/\/www.mediamix.ch\/latest-news\/interview-de-laetitia-foeller-cdo","name":"Interview mit Laetitia Foeller - CDO von Mediamix - Mediamix","isPartOf":{"@id":"https:\/\/www.mediamix.ch\/#website"},"primaryImageOfPage":{"@id":"https:\/\/www.mediamix.ch\/latest-news\/interview-de-laetitia-foeller-cdo#primaryimage"},"image":{"@id":"https:\/\/www.mediamix.ch\/latest-news\/interview-de-laetitia-foeller-cdo#primaryimage"},"thumbnailUrl":"https:\/\/www.mediamix.ch\/wp-content\/uploads\/2023\/09\/vignette-interview-Laetita-Foeller.jpg","datePublished":"2023-09-14T10:04:47+00:00","dateModified":"2023-11-20T12:56:19+00:00","description":"Die neuen programmatischen Technologien: Wie kann man mit der st\u00e4ndigen Entwicklung dieser Plattformen auf globaler Ebene Schritt halten?","breadcrumb":{"@id":"https:\/\/www.mediamix.ch\/latest-news\/interview-de-laetitia-foeller-cdo#breadcrumb"},"inLanguage":"de","potentialAction":[{"@type":"ReadAction","target":["https:\/\/www.mediamix.ch\/latest-news\/interview-de-laetitia-foeller-cdo"]}]},{"@type":"ImageObject","inLanguage":"de","@id":"https:\/\/www.mediamix.ch\/latest-news\/interview-de-laetitia-foeller-cdo#primaryimage","url":"https:\/\/www.mediamix.ch\/wp-content\/uploads\/2023\/09\/vignette-interview-Laetita-Foeller.jpg","contentUrl":"https:\/\/www.mediamix.ch\/wp-content\/uploads\/2023\/09\/vignette-interview-Laetita-Foeller.jpg","width":1920,"height":1080,"caption":"vignette-interview- Laetita Foeller"},{"@type":"BreadcrumbList","@id":"https:\/\/www.mediamix.ch\/latest-news\/interview-de-laetitia-foeller-cdo#breadcrumb","itemListElement":[{"@type":"ListItem","position":1,"name":"Accueil","item":"https:\/\/www.mediamix.ch\/"},{"@type":"ListItem","position":2,"name":"Interview de Laetitia Foeller &#8211; CDO de Mediamix"}]},{"@type":"WebSite","@id":"https:\/\/www.mediamix.ch\/#website","url":"https:\/\/www.mediamix.ch\/","name":"Mediamix","description":"International media experts","publisher":{"@id":"https:\/\/www.mediamix.ch\/#organization"},"potentialAction":[{"@type":"SearchAction","target":{"@type":"EntryPoint","urlTemplate":"https:\/\/www.mediamix.ch\/?s={search_term_string}"},"query-input":{"@type":"PropertyValueSpecification","valueRequired":true,"valueName":"search_term_string"}}],"inLanguage":"de"},{"@type":"Organization","@id":"https:\/\/www.mediamix.ch\/#organization","name":"Mediamix","url":"https:\/\/www.mediamix.ch\/","logo":{"@type":"ImageObject","inLanguage":"de","@id":"https:\/\/www.mediamix.ch\/#\/schema\/logo\/image\/","url":"https:\/\/www.mediamix.ch\/wp-content\/uploads\/2023\/02\/Logo-blanc.png","contentUrl":"https:\/\/www.mediamix.ch\/wp-content\/uploads\/2023\/02\/Logo-blanc.png","width":215,"height":52,"caption":"Mediamix"},"image":{"@id":"https:\/\/www.mediamix.ch\/#\/schema\/logo\/image\/"},"sameAs":["https:\/\/www.facebook.com\/mediamixsa\/","https:\/\/x.com\/MediamixSa","https:\/\/www.linkedin.com\/company\/mediamix-sa\/","https:\/\/www.youtube.com\/channel\/UCcoZdvsRrE0zpAQGkpCbh-A","https:\/\/www.instagram.com\/mediamixsa\/","https:\/\/www.pinterest.fr\/MediamixSA\/"]},{"@type":"Person","@id":"https:\/\/www.mediamix.ch\/#\/schema\/person\/16153f45d827095d8b997a29b2f6ca65","name":"Elio Brandolini","url":"https:\/\/www.mediamix.ch\/de\/author\/elio"}]}},"_links":{"self":[{"href":"https:\/\/www.mediamix.ch\/de\/wp-json\/wp\/v2\/posts\/11238","targetHints":{"allow":["GET"]}}],"collection":[{"href":"https:\/\/www.mediamix.ch\/de\/wp-json\/wp\/v2\/posts"}],"about":[{"href":"https:\/\/www.mediamix.ch\/de\/wp-json\/wp\/v2\/types\/post"}],"author":[{"embeddable":true,"href":"https:\/\/www.mediamix.ch\/de\/wp-json\/wp\/v2\/users\/7"}],"replies":[{"embeddable":true,"href":"https:\/\/www.mediamix.ch\/de\/wp-json\/wp\/v2\/comments?post=11238"}],"version-history":[{"count":6,"href":"https:\/\/www.mediamix.ch\/de\/wp-json\/wp\/v2\/posts\/11238\/revisions"}],"predecessor-version":[{"id":11245,"href":"https:\/\/www.mediamix.ch\/de\/wp-json\/wp\/v2\/posts\/11238\/revisions\/11245"}],"wp:featuredmedia":[{"embeddable":true,"href":"https:\/\/www.mediamix.ch\/de\/wp-json\/wp\/v2\/media\/11239"}],"wp:attachment":[{"href":"https:\/\/www.mediamix.ch\/de\/wp-json\/wp\/v2\/media?parent=11238"}],"wp:term":[{"taxonomy":"category","embeddable":true,"href":"https:\/\/www.mediamix.ch\/de\/wp-json\/wp\/v2\/categories?post=11238"},{"taxonomy":"post_tag","embeddable":true,"href":"https:\/\/www.mediamix.ch\/de\/wp-json\/wp\/v2\/tags?post=11238"}],"curies":[{"name":"wp","href":"https:\/\/api.w.org\/{rel}","templated":true}]}}