{"id":11694,"date":"2024-06-03T10:10:50","date_gmt":"2024-06-03T08:10:50","guid":{"rendered":"https:\/\/www.mediamix.ch\/?p=11694"},"modified":"2024-09-04T16:44:23","modified_gmt":"2024-09-04T14:44:23","slug":"mediamix-shortiliste-au-meilleur-du-web-dans-la-categorie-rse","status":"publish","type":"post","link":"https:\/\/www.mediamix.ch\/de\/latest-news\/mediamix-shortiliste-au-meilleur-du-web-dans-la-categorie-rse","title":{"rendered":"Mediamix shortlist\u00e9 au Meilleur du Web dans la cat\u00e9gorie RSE"},"content":{"rendered":"<div data-elementor-type=\"wp-post\" data-elementor-id=\"11694\" class=\"elementor elementor-11694\" data-elementor-post-type=\"post\">\n\t\t\t\t\t\t<section class=\"elementor-section elementor-top-section elementor-element elementor-element-e22992e elementor-section-boxed elementor-section-height-default elementor-section-height-default\" data-id=\"e22992e\" data-element_type=\"section\" data-e-type=\"section\" data-settings=\"{&quot;jet_parallax_layout_list&quot;:[]}\">\n\t\t\t\t\t\t<div class=\"elementor-container elementor-column-gap-default\">\n\t\t\t\t\t<div class=\"elementor-column elementor-col-100 elementor-top-column elementor-element elementor-element-81247a8\" data-id=\"81247a8\" data-element_type=\"column\" data-e-type=\"column\">\n\t\t\t<div class=\"elementor-widget-wrap elementor-element-populated\">\n\t\t\t\t\t\t<div class=\"elementor-element elementor-element-c6afabd elementor-widget elementor-widget-text-editor\" data-id=\"c6afabd\" data-element_type=\"widget\" data-e-type=\"widget\" data-widget_type=\"text-editor.default\">\n\t\t\t\t<div class=\"elementor-widget-container\">\n\t\t\t\t\t\t\t\t\t<p>Mediamix shortlist\u00e9 au Meilleur de la pub dans la cat\u00e9gorie PlanetHoster RSE (Responsabilit\u00e9 Soci\u00e9tale des Entreprises)<br \/><br \/>Cette ann\u00e9e encore, Mediamix a eu la chance d&rsquo;\u00eatre shortlist\u00e9 lors de cette 9\u00e8me \u00e9dition du Meilleur de la pub. Nous sommes fiers de vous pr\u00e9senter le projet \u00abcampagne\u00a0low carbon USA\u00a0\u00bb en collaboration avec notre client Le Gruy\u00e8re AOP.<br \/>Le but \u00e9tant de mesurer la consommation \u00e9nerg\u00e9tique de nos activations digitales sur plusieurs plateformes, d\u2019analyser et r\u00e9duire les \u00e9missions de CO2 de nos plans m\u00e9dia tout en conservant les m\u00eames performances.<br \/>D\u00e9couvrez en d\u00e9tail notre strat\u00e9gie m\u00e9dia \u00e9co-responsable d\u00e9velopp\u00e9e pour le march\u00e9 am\u00e9ricain.<br \/>Cette campagne a permis une r\u00e9duction de 13% d&rsquo;\u00e9mission de GES, soit 0,3 tonnes d\u2019\u00e9missions de gaz au total sur l\u2019ensemble de cette 1\u00e8re campagne teste.<\/p>\t\t\t\t\t\t\t\t<\/div>\n\t\t\t\t<\/div>\n\t\t\t\t\t<\/div>\n\t\t<\/div>\n\t\t\t\t\t<\/div>\n\t\t<\/section>\n\t\t\t\t<section class=\"elementor-section elementor-top-section elementor-element elementor-element-b99f782 elementor-section-boxed elementor-section-height-default elementor-section-height-default\" data-id=\"b99f782\" data-element_type=\"section\" data-e-type=\"section\" data-settings=\"{&quot;jet_parallax_layout_list&quot;:[]}\">\n\t\t\t\t\t\t<div class=\"elementor-container elementor-column-gap-default\">\n\t\t\t\t\t<div class=\"elementor-column elementor-col-100 elementor-top-column elementor-element elementor-element-8ebba95\" data-id=\"8ebba95\" data-element_type=\"column\" data-e-type=\"column\">\n\t\t\t<div class=\"elementor-widget-wrap elementor-element-populated\">\n\t\t\t\t\t\t<div class=\"elementor-element elementor-element-41219cd elementor-widget elementor-widget-video\" data-id=\"41219cd\" data-element_type=\"widget\" data-e-type=\"widget\" data-settings=\"{&quot;youtube_url&quot;:&quot;https:\\\/\\\/www.youtube.com\\\/watch?v=T-udRvqhqt4&quot;,&quot;video_type&quot;:&quot;youtube&quot;,&quot;controls&quot;:&quot;yes&quot;}\" data-widget_type=\"video.default\">\n\t\t\t\t<div class=\"elementor-widget-container\">\n\t\t\t\t\t\t\t<div class=\"elementor-wrapper elementor-open-inline\">\n\t\t\t<div class=\"elementor-video\"><\/div>\t\t<\/div>\n\t\t\t\t\t\t<\/div>\n\t\t\t\t<\/div>\n\t\t\t\t\t<\/div>\n\t\t<\/div>\n\t\t\t\t\t<\/div>\n\t\t<\/section>\n\t\t\t\t<\/div>","protected":false},"excerpt":{"rendered":"<p>Mediamix shortlist\u00e9 au Meilleur de la pub dans la cat\u00e9gorie PlanetHoster RSE (Responsabilit\u00e9 Soci\u00e9tale des Entreprises) Cette ann\u00e9e encore, Mediamix a eu la chance d&rsquo;\u00eatre shortlist\u00e9 lors de cette 9\u00e8me \u00e9dition du Meilleur de la pub. Nous sommes fiers de vous pr\u00e9senter le projet \u00abcampagne\u00a0low carbon USA\u00a0\u00bb en collaboration avec notre client Le Gruy\u00e8re AOP. [&hellip;]<\/p>\n","protected":false},"author":7,"featured_media":11700,"comment_status":"closed","ping_status":"closed","sticky":false,"template":"","format":"standard","meta":{"mc4wp_mailchimp_campaign":[],"footnotes":""},"categories":[169,14],"tags":[],"class_list":["post-11694","post","type-post","status-publish","format-standard","has-post-thumbnail","hentry","category-business-case-rse","category-latest-news"],"yoast_head":"<!-- This site is optimized with the Yoast SEO Premium plugin v27.3 (Yoast SEO v27.3) - https:\/\/yoast.com\/product\/yoast-seo-premium-wordpress\/ -->\n<title>Mediamix shortlist\u00e9 au Meilleur du Web dans la cat\u00e9gorie RSE - Mediamix<\/title>\n<meta name=\"robots\" content=\"index, follow, max-snippet:-1, max-image-preview:large, max-video-preview:-1\" \/>\n<link rel=\"canonical\" href=\"https:\/\/www.mediamix.ch\/de\/latest-news\/mediamix-shortiliste-au-meilleur-du-web-dans-la-categorie-rse\/\" \/>\n<meta property=\"og:locale\" content=\"de_DE\" \/>\n<meta property=\"og:type\" content=\"article\" \/>\n<meta property=\"og:title\" content=\"Mediamix shortlist\u00e9 au Meilleur du Web dans la cat\u00e9gorie RSE\" \/>\n<meta property=\"og:description\" content=\"Mediamix shortlist\u00e9 au Meilleur de la pub dans la cat\u00e9gorie PlanetHoster RSE (Responsabilit\u00e9 Soci\u00e9tale des Entreprises) Cette ann\u00e9e encore, Mediamix a eu la chance d&rsquo;\u00eatre shortlist\u00e9 lors de cette 9\u00e8me \u00e9dition du Meilleur de la pub. Nous sommes fiers de vous pr\u00e9senter le projet \u00abcampagne\u00a0low carbon USA\u00a0\u00bb en collaboration avec notre client Le Gruy\u00e8re AOP. [&hellip;]\" \/>\n<meta property=\"og:url\" content=\"https:\/\/www.mediamix.ch\/de\/latest-news\/mediamix-shortiliste-au-meilleur-du-web-dans-la-categorie-rse\/\" \/>\n<meta property=\"og:site_name\" content=\"Mediamix\" \/>\n<meta property=\"article:publisher\" content=\"https:\/\/www.facebook.com\/mediamixsa\/\" \/>\n<meta property=\"article:published_time\" content=\"2024-06-03T08:10:50+00:00\" \/>\n<meta property=\"article:modified_time\" content=\"2024-09-04T14:44:23+00:00\" \/>\n<meta property=\"og:image\" content=\"https:\/\/www.mediamix.ch\/wp-content\/uploads\/2024\/06\/Vignette-meilleur-de-la-pub-24-mediamix.jpg\" \/>\n\t<meta property=\"og:image:width\" content=\"1920\" \/>\n\t<meta property=\"og:image:height\" content=\"1080\" \/>\n\t<meta property=\"og:image:type\" content=\"image\/jpeg\" \/>\n<meta name=\"author\" content=\"Elio Brandolini\" \/>\n<meta name=\"twitter:card\" content=\"summary_large_image\" \/>\n<meta name=\"twitter:creator\" content=\"@MediamixSa\" \/>\n<meta name=\"twitter:site\" content=\"@MediamixSa\" \/>\n<meta name=\"twitter:label1\" content=\"Verfasst von\" \/>\n\t<meta name=\"twitter:data1\" content=\"Elio Brandolini\" \/>\n\t<meta name=\"twitter:label2\" content=\"Gesch\u00e4tzte Lesezeit\" \/>\n\t<meta name=\"twitter:data2\" content=\"1\u00a0Minute\" \/>\n<script type=\"application\/ld+json\" class=\"yoast-schema-graph\">{\"@context\":\"https:\\\/\\\/schema.org\",\"@graph\":[{\"@type\":\"Article\",\"@id\":\"https:\\\/\\\/www.mediamix.ch\\\/latest-news\\\/mediamix-shortiliste-au-meilleur-du-web-dans-la-categorie-rse#article\",\"isPartOf\":{\"@id\":\"https:\\\/\\\/www.mediamix.ch\\\/latest-news\\\/mediamix-shortiliste-au-meilleur-du-web-dans-la-categorie-rse\"},\"author\":{\"name\":\"Elio Brandolini\",\"@id\":\"https:\\\/\\\/www.mediamix.ch\\\/#\\\/schema\\\/person\\\/16153f45d827095d8b997a29b2f6ca65\"},\"headline\":\"Mediamix shortlist\u00e9 au Meilleur du Web dans la cat\u00e9gorie RSE\",\"datePublished\":\"2024-06-03T08:10:50+00:00\",\"dateModified\":\"2024-09-04T14:44:23+00:00\",\"mainEntityOfPage\":{\"@id\":\"https:\\\/\\\/www.mediamix.ch\\\/latest-news\\\/mediamix-shortiliste-au-meilleur-du-web-dans-la-categorie-rse\"},\"wordCount\":164,\"publisher\":{\"@id\":\"https:\\\/\\\/www.mediamix.ch\\\/#organization\"},\"image\":{\"@id\":\"https:\\\/\\\/www.mediamix.ch\\\/latest-news\\\/mediamix-shortiliste-au-meilleur-du-web-dans-la-categorie-rse#primaryimage\"},\"thumbnailUrl\":\"https:\\\/\\\/www.mediamix.ch\\\/wp-content\\\/uploads\\\/2024\\\/06\\\/Vignette-meilleur-de-la-pub-24-mediamix.jpg\",\"articleSection\":[\"Business case RSE\",\"News\"],\"inLanguage\":\"de\"},{\"@type\":\"WebPage\",\"@id\":\"https:\\\/\\\/www.mediamix.ch\\\/latest-news\\\/mediamix-shortiliste-au-meilleur-du-web-dans-la-categorie-rse\",\"url\":\"https:\\\/\\\/www.mediamix.ch\\\/latest-news\\\/mediamix-shortiliste-au-meilleur-du-web-dans-la-categorie-rse\",\"name\":\"Mediamix shortlist\u00e9 au Meilleur du Web dans la cat\u00e9gorie RSE - Mediamix\",\"isPartOf\":{\"@id\":\"https:\\\/\\\/www.mediamix.ch\\\/#website\"},\"primaryImageOfPage\":{\"@id\":\"https:\\\/\\\/www.mediamix.ch\\\/latest-news\\\/mediamix-shortiliste-au-meilleur-du-web-dans-la-categorie-rse#primaryimage\"},\"image\":{\"@id\":\"https:\\\/\\\/www.mediamix.ch\\\/latest-news\\\/mediamix-shortiliste-au-meilleur-du-web-dans-la-categorie-rse#primaryimage\"},\"thumbnailUrl\":\"https:\\\/\\\/www.mediamix.ch\\\/wp-content\\\/uploads\\\/2024\\\/06\\\/Vignette-meilleur-de-la-pub-24-mediamix.jpg\",\"datePublished\":\"2024-06-03T08:10:50+00:00\",\"dateModified\":\"2024-09-04T14:44:23+00:00\",\"breadcrumb\":{\"@id\":\"https:\\\/\\\/www.mediamix.ch\\\/latest-news\\\/mediamix-shortiliste-au-meilleur-du-web-dans-la-categorie-rse#breadcrumb\"},\"inLanguage\":\"de\",\"potentialAction\":[{\"@type\":\"ReadAction\",\"target\":[\"https:\\\/\\\/www.mediamix.ch\\\/latest-news\\\/mediamix-shortiliste-au-meilleur-du-web-dans-la-categorie-rse\"]}]},{\"@type\":\"ImageObject\",\"inLanguage\":\"de\",\"@id\":\"https:\\\/\\\/www.mediamix.ch\\\/latest-news\\\/mediamix-shortiliste-au-meilleur-du-web-dans-la-categorie-rse#primaryimage\",\"url\":\"https:\\\/\\\/www.mediamix.ch\\\/wp-content\\\/uploads\\\/2024\\\/06\\\/Vignette-meilleur-de-la-pub-24-mediamix.jpg\",\"contentUrl\":\"https:\\\/\\\/www.mediamix.ch\\\/wp-content\\\/uploads\\\/2024\\\/06\\\/Vignette-meilleur-de-la-pub-24-mediamix.jpg\",\"width\":1920,\"height\":1080,\"caption\":\"Vignette-meilleur-de-la-pub-24-mediamix\"},{\"@type\":\"BreadcrumbList\",\"@id\":\"https:\\\/\\\/www.mediamix.ch\\\/latest-news\\\/mediamix-shortiliste-au-meilleur-du-web-dans-la-categorie-rse#breadcrumb\",\"itemListElement\":[{\"@type\":\"ListItem\",\"position\":1,\"name\":\"Accueil\",\"item\":\"https:\\\/\\\/www.mediamix.ch\\\/\"},{\"@type\":\"ListItem\",\"position\":2,\"name\":\"Mediamix shortlist\u00e9 au Meilleur du Web dans la cat\u00e9gorie RSE\"}]},{\"@type\":\"WebSite\",\"@id\":\"https:\\\/\\\/www.mediamix.ch\\\/#website\",\"url\":\"https:\\\/\\\/www.mediamix.ch\\\/\",\"name\":\"Mediamix\",\"description\":\"International media experts\",\"publisher\":{\"@id\":\"https:\\\/\\\/www.mediamix.ch\\\/#organization\"},\"potentialAction\":[{\"@type\":\"SearchAction\",\"target\":{\"@type\":\"EntryPoint\",\"urlTemplate\":\"https:\\\/\\\/www.mediamix.ch\\\/?s={search_term_string}\"},\"query-input\":{\"@type\":\"PropertyValueSpecification\",\"valueRequired\":true,\"valueName\":\"search_term_string\"}}],\"inLanguage\":\"de\"},{\"@type\":\"Organization\",\"@id\":\"https:\\\/\\\/www.mediamix.ch\\\/#organization\",\"name\":\"Mediamix\",\"url\":\"https:\\\/\\\/www.mediamix.ch\\\/\",\"logo\":{\"@type\":\"ImageObject\",\"inLanguage\":\"de\",\"@id\":\"https:\\\/\\\/www.mediamix.ch\\\/#\\\/schema\\\/logo\\\/image\\\/\",\"url\":\"https:\\\/\\\/www.mediamix.ch\\\/wp-content\\\/uploads\\\/2023\\\/02\\\/Logo-blanc.png\",\"contentUrl\":\"https:\\\/\\\/www.mediamix.ch\\\/wp-content\\\/uploads\\\/2023\\\/02\\\/Logo-blanc.png\",\"width\":215,\"height\":52,\"caption\":\"Mediamix\"},\"image\":{\"@id\":\"https:\\\/\\\/www.mediamix.ch\\\/#\\\/schema\\\/logo\\\/image\\\/\"},\"sameAs\":[\"https:\\\/\\\/www.facebook.com\\\/mediamixsa\\\/\",\"https:\\\/\\\/x.com\\\/MediamixSa\",\"https:\\\/\\\/www.linkedin.com\\\/company\\\/mediamix-sa\\\/\",\"https:\\\/\\\/www.youtube.com\\\/channel\\\/UCcoZdvsRrE0zpAQGkpCbh-A\",\"https:\\\/\\\/www.instagram.com\\\/mediamixsa\\\/\",\"https:\\\/\\\/www.pinterest.fr\\\/MediamixSA\\\/\"]},{\"@type\":\"Person\",\"@id\":\"https:\\\/\\\/www.mediamix.ch\\\/#\\\/schema\\\/person\\\/16153f45d827095d8b997a29b2f6ca65\",\"name\":\"Elio Brandolini\",\"url\":\"https:\\\/\\\/www.mediamix.ch\\\/de\\\/author\\\/elio\"}]}<\/script>\n<!-- \/ Yoast SEO Premium plugin. -->","yoast_head_json":{"title":"Mediamix shortlist\u00e9 au Meilleur du Web dans la cat\u00e9gorie RSE - Mediamix","robots":{"index":"index","follow":"follow","max-snippet":"max-snippet:-1","max-image-preview":"max-image-preview:large","max-video-preview":"max-video-preview:-1"},"canonical":"https:\/\/www.mediamix.ch\/de\/latest-news\/mediamix-shortiliste-au-meilleur-du-web-dans-la-categorie-rse\/","og_locale":"de_DE","og_type":"article","og_title":"Mediamix shortlist\u00e9 au Meilleur du Web dans la cat\u00e9gorie RSE","og_description":"Mediamix shortlist\u00e9 au Meilleur de la pub dans la cat\u00e9gorie PlanetHoster RSE (Responsabilit\u00e9 Soci\u00e9tale des Entreprises) Cette ann\u00e9e encore, Mediamix a eu la chance d&rsquo;\u00eatre shortlist\u00e9 lors de cette 9\u00e8me \u00e9dition du Meilleur de la pub. Nous sommes fiers de vous pr\u00e9senter le projet \u00abcampagne\u00a0low carbon USA\u00a0\u00bb en collaboration avec notre client Le Gruy\u00e8re AOP. [&hellip;]","og_url":"https:\/\/www.mediamix.ch\/de\/latest-news\/mediamix-shortiliste-au-meilleur-du-web-dans-la-categorie-rse\/","og_site_name":"Mediamix","article_publisher":"https:\/\/www.facebook.com\/mediamixsa\/","article_published_time":"2024-06-03T08:10:50+00:00","article_modified_time":"2024-09-04T14:44:23+00:00","og_image":[{"width":1920,"height":1080,"url":"https:\/\/www.mediamix.ch\/wp-content\/uploads\/2024\/06\/Vignette-meilleur-de-la-pub-24-mediamix.jpg","type":"image\/jpeg"}],"author":"Elio Brandolini","twitter_card":"summary_large_image","twitter_creator":"@MediamixSa","twitter_site":"@MediamixSa","twitter_misc":{"Verfasst von":"Elio Brandolini","Gesch\u00e4tzte Lesezeit":"1\u00a0Minute"},"schema":{"@context":"https:\/\/schema.org","@graph":[{"@type":"Article","@id":"https:\/\/www.mediamix.ch\/latest-news\/mediamix-shortiliste-au-meilleur-du-web-dans-la-categorie-rse#article","isPartOf":{"@id":"https:\/\/www.mediamix.ch\/latest-news\/mediamix-shortiliste-au-meilleur-du-web-dans-la-categorie-rse"},"author":{"name":"Elio Brandolini","@id":"https:\/\/www.mediamix.ch\/#\/schema\/person\/16153f45d827095d8b997a29b2f6ca65"},"headline":"Mediamix shortlist\u00e9 au Meilleur du Web dans la cat\u00e9gorie RSE","datePublished":"2024-06-03T08:10:50+00:00","dateModified":"2024-09-04T14:44:23+00:00","mainEntityOfPage":{"@id":"https:\/\/www.mediamix.ch\/latest-news\/mediamix-shortiliste-au-meilleur-du-web-dans-la-categorie-rse"},"wordCount":164,"publisher":{"@id":"https:\/\/www.mediamix.ch\/#organization"},"image":{"@id":"https:\/\/www.mediamix.ch\/latest-news\/mediamix-shortiliste-au-meilleur-du-web-dans-la-categorie-rse#primaryimage"},"thumbnailUrl":"https:\/\/www.mediamix.ch\/wp-content\/uploads\/2024\/06\/Vignette-meilleur-de-la-pub-24-mediamix.jpg","articleSection":["Business case RSE","News"],"inLanguage":"de"},{"@type":"WebPage","@id":"https:\/\/www.mediamix.ch\/latest-news\/mediamix-shortiliste-au-meilleur-du-web-dans-la-categorie-rse","url":"https:\/\/www.mediamix.ch\/latest-news\/mediamix-shortiliste-au-meilleur-du-web-dans-la-categorie-rse","name":"Mediamix shortlist\u00e9 au Meilleur du Web dans la cat\u00e9gorie RSE - Mediamix","isPartOf":{"@id":"https:\/\/www.mediamix.ch\/#website"},"primaryImageOfPage":{"@id":"https:\/\/www.mediamix.ch\/latest-news\/mediamix-shortiliste-au-meilleur-du-web-dans-la-categorie-rse#primaryimage"},"image":{"@id":"https:\/\/www.mediamix.ch\/latest-news\/mediamix-shortiliste-au-meilleur-du-web-dans-la-categorie-rse#primaryimage"},"thumbnailUrl":"https:\/\/www.mediamix.ch\/wp-content\/uploads\/2024\/06\/Vignette-meilleur-de-la-pub-24-mediamix.jpg","datePublished":"2024-06-03T08:10:50+00:00","dateModified":"2024-09-04T14:44:23+00:00","breadcrumb":{"@id":"https:\/\/www.mediamix.ch\/latest-news\/mediamix-shortiliste-au-meilleur-du-web-dans-la-categorie-rse#breadcrumb"},"inLanguage":"de","potentialAction":[{"@type":"ReadAction","target":["https:\/\/www.mediamix.ch\/latest-news\/mediamix-shortiliste-au-meilleur-du-web-dans-la-categorie-rse"]}]},{"@type":"ImageObject","inLanguage":"de","@id":"https:\/\/www.mediamix.ch\/latest-news\/mediamix-shortiliste-au-meilleur-du-web-dans-la-categorie-rse#primaryimage","url":"https:\/\/www.mediamix.ch\/wp-content\/uploads\/2024\/06\/Vignette-meilleur-de-la-pub-24-mediamix.jpg","contentUrl":"https:\/\/www.mediamix.ch\/wp-content\/uploads\/2024\/06\/Vignette-meilleur-de-la-pub-24-mediamix.jpg","width":1920,"height":1080,"caption":"Vignette-meilleur-de-la-pub-24-mediamix"},{"@type":"BreadcrumbList","@id":"https:\/\/www.mediamix.ch\/latest-news\/mediamix-shortiliste-au-meilleur-du-web-dans-la-categorie-rse#breadcrumb","itemListElement":[{"@type":"ListItem","position":1,"name":"Accueil","item":"https:\/\/www.mediamix.ch\/"},{"@type":"ListItem","position":2,"name":"Mediamix shortlist\u00e9 au Meilleur du Web dans la cat\u00e9gorie RSE"}]},{"@type":"WebSite","@id":"https:\/\/www.mediamix.ch\/#website","url":"https:\/\/www.mediamix.ch\/","name":"Mediamix","description":"International media experts","publisher":{"@id":"https:\/\/www.mediamix.ch\/#organization"},"potentialAction":[{"@type":"SearchAction","target":{"@type":"EntryPoint","urlTemplate":"https:\/\/www.mediamix.ch\/?s={search_term_string}"},"query-input":{"@type":"PropertyValueSpecification","valueRequired":true,"valueName":"search_term_string"}}],"inLanguage":"de"},{"@type":"Organization","@id":"https:\/\/www.mediamix.ch\/#organization","name":"Mediamix","url":"https:\/\/www.mediamix.ch\/","logo":{"@type":"ImageObject","inLanguage":"de","@id":"https:\/\/www.mediamix.ch\/#\/schema\/logo\/image\/","url":"https:\/\/www.mediamix.ch\/wp-content\/uploads\/2023\/02\/Logo-blanc.png","contentUrl":"https:\/\/www.mediamix.ch\/wp-content\/uploads\/2023\/02\/Logo-blanc.png","width":215,"height":52,"caption":"Mediamix"},"image":{"@id":"https:\/\/www.mediamix.ch\/#\/schema\/logo\/image\/"},"sameAs":["https:\/\/www.facebook.com\/mediamixsa\/","https:\/\/x.com\/MediamixSa","https:\/\/www.linkedin.com\/company\/mediamix-sa\/","https:\/\/www.youtube.com\/channel\/UCcoZdvsRrE0zpAQGkpCbh-A","https:\/\/www.instagram.com\/mediamixsa\/","https:\/\/www.pinterest.fr\/MediamixSA\/"]},{"@type":"Person","@id":"https:\/\/www.mediamix.ch\/#\/schema\/person\/16153f45d827095d8b997a29b2f6ca65","name":"Elio Brandolini","url":"https:\/\/www.mediamix.ch\/de\/author\/elio"}]}},"_links":{"self":[{"href":"https:\/\/www.mediamix.ch\/de\/wp-json\/wp\/v2\/posts\/11694","targetHints":{"allow":["GET"]}}],"collection":[{"href":"https:\/\/www.mediamix.ch\/de\/wp-json\/wp\/v2\/posts"}],"about":[{"href":"https:\/\/www.mediamix.ch\/de\/wp-json\/wp\/v2\/types\/post"}],"author":[{"embeddable":true,"href":"https:\/\/www.mediamix.ch\/de\/wp-json\/wp\/v2\/users\/7"}],"replies":[{"embeddable":true,"href":"https:\/\/www.mediamix.ch\/de\/wp-json\/wp\/v2\/comments?post=11694"}],"version-history":[{"count":6,"href":"https:\/\/www.mediamix.ch\/de\/wp-json\/wp\/v2\/posts\/11694\/revisions"}],"predecessor-version":[{"id":11725,"href":"https:\/\/www.mediamix.ch\/de\/wp-json\/wp\/v2\/posts\/11694\/revisions\/11725"}],"wp:featuredmedia":[{"embeddable":true,"href":"https:\/\/www.mediamix.ch\/de\/wp-json\/wp\/v2\/media\/11700"}],"wp:attachment":[{"href":"https:\/\/www.mediamix.ch\/de\/wp-json\/wp\/v2\/media?parent=11694"}],"wp:term":[{"taxonomy":"category","embeddable":true,"href":"https:\/\/www.mediamix.ch\/de\/wp-json\/wp\/v2\/categories?post=11694"},{"taxonomy":"post_tag","embeddable":true,"href":"https:\/\/www.mediamix.ch\/de\/wp-json\/wp\/v2\/tags?post=11694"}],"curies":[{"name":"wp","href":"https:\/\/api.w.org\/{rel}","templated":true}]}}