{"id":11726,"date":"2024-09-05T14:30:17","date_gmt":"2024-09-05T12:30:17","guid":{"rendered":"https:\/\/www.mediamix.ch\/?p=11726"},"modified":"2024-09-05T14:37:40","modified_gmt":"2024-09-05T12:37:40","slug":"invitation-a-la-21e-edition-connect-alliance","status":"publish","type":"post","link":"https:\/\/www.mediamix.ch\/de\/latest-news\/invitation-a-la-21e-edition-connect-alliance","title":{"rendered":"Einladung zur 21. Connect Alliance Ausgabe"},"content":{"rendered":"<div data-elementor-type=\"wp-post\" data-elementor-id=\"11726\" class=\"elementor elementor-11726\" data-elementor-post-type=\"post\">\n\t\t\t\t\t\t<section class=\"elementor-section elementor-top-section elementor-element elementor-element-437a139 elementor-section-boxed elementor-section-height-default elementor-section-height-default\" data-id=\"437a139\" data-element_type=\"section\" data-e-type=\"section\" data-settings=\"{&quot;jet_parallax_layout_list&quot;:[]}\">\n\t\t\t\t\t\t<div class=\"elementor-container elementor-column-gap-default\">\n\t\t\t\t\t<div class=\"elementor-column elementor-col-100 elementor-top-column elementor-element elementor-element-ecf9ed6\" data-id=\"ecf9ed6\" data-element_type=\"column\" data-e-type=\"column\">\n\t\t\t<div class=\"elementor-widget-wrap elementor-element-populated\">\n\t\t\t\t\t\t<div class=\"elementor-element elementor-element-f2ad9f1 elementor-widget elementor-widget-text-editor\" data-id=\"f2ad9f1\" data-element_type=\"widget\" data-e-type=\"widget\" data-widget_type=\"text-editor.default\">\n\t\t\t\t<div class=\"elementor-widget-container\">\n\t\t\t\t\t\t\t\t\t<p><span style=\"font-weight: 400;\">Anl\u00e4sslich der 21. Ausgabe der j\u00e4hrlichen Konferenz Connect Alliance, die von Phoenix Media in Genf organisiert wurde, hatte Mediamix die Gelegenheit, \u00fcber die Entwicklung der Datenmessung in Medienkampagnen zu sprechen.<\/span><\/p><p><span style=\"font-weight: 400;\">Neben Mediamix \u00e4u\u00dferten sich auch eine Reihe von Rednern aus ganz Europa zu diesem Thema.<\/span><\/p><p><span style=\"font-weight: 400;\">Laetitia Foeller, Chief Digital Officer, betonte die Bedeutung von Messungen bei der \u00dcberwachung und Berichterstattung von Kampagnen. Ihr Hauptthema war jedoch die Reduzierung der Kohlenstoffemissionen von Medienplattformen.\u00a0<\/span><\/p>\t\t\t\t\t\t\t\t<\/div>\n\t\t\t\t<\/div>\n\t\t\t\t\t<\/div>\n\t\t<\/div>\n\t\t\t\t\t<\/div>\n\t\t<\/section>\n\t\t\t\t<section class=\"elementor-section elementor-top-section elementor-element elementor-element-b6dac3f elementor-section-boxed elementor-section-height-default elementor-section-height-default\" data-id=\"b6dac3f\" data-element_type=\"section\" data-e-type=\"section\" data-settings=\"{&quot;jet_parallax_layout_list&quot;:[]}\">\n\t\t\t\t\t\t<div class=\"elementor-container elementor-column-gap-default\">\n\t\t\t\t\t<div class=\"elementor-column elementor-col-100 elementor-top-column elementor-element elementor-element-b0844c2\" data-id=\"b0844c2\" data-element_type=\"column\" data-e-type=\"column\">\n\t\t\t<div class=\"elementor-widget-wrap elementor-element-populated\">\n\t\t\t\t\t\t<div class=\"elementor-element elementor-element-30ec835 elementor-arrows-position-inside elementor-pagination-position-outside elementor-widget elementor-widget-image-carousel\" data-id=\"30ec835\" data-element_type=\"widget\" data-e-type=\"widget\" data-settings=\"{&quot;slides_to_show&quot;:&quot;1&quot;,&quot;lazyload&quot;:&quot;yes&quot;,&quot;speed&quot;:400,&quot;navigation&quot;:&quot;both&quot;,&quot;autoplay&quot;:&quot;yes&quot;,&quot;pause_on_hover&quot;:&quot;yes&quot;,&quot;pause_on_interaction&quot;:&quot;yes&quot;,&quot;autoplay_speed&quot;:5000,&quot;infinite&quot;:&quot;yes&quot;,&quot;effect&quot;:&quot;slide&quot;}\" data-widget_type=\"image-carousel.default\">\n\t\t\t\t<div class=\"elementor-widget-container\">\n\t\t\t\t\t\t\t<div class=\"elementor-image-carousel-wrapper swiper\" role=\"region\" aria-roledescription=\"carousel\" aria-label=\"Image Carousel\" dir=\"ltr\">\n\t\t\t<div class=\"elementor-image-carousel swiper-wrapper\" aria-live=\"off\">\n\t\t\t\t\t\t\t\t<div class=\"swiper-slide\" role=\"group\" aria-roledescription=\"slide\" aria-label=\"1 sur 7\" data-no-translation-aria-label=\"\"><figure class=\"swiper-slide-inner\"><img class=\"swiper-slide-image swiper-lazy\" data-src=\"https:\/\/www.mediamix.ch\/wp-content\/uploads\/2024\/09\/Marketing-Connect-Alliance-1024x576.jpg\" alt=\"Marketing-Connect-Alliance\" \/><div class=\"swiper-lazy-preloader\"><\/div><\/figure><\/div><div class=\"swiper-slide\" role=\"group\" aria-roledescription=\"slide\" aria-label=\"2 sur 7\" data-no-translation-aria-label=\"\"><figure class=\"swiper-slide-inner\"><img class=\"swiper-slide-image swiper-lazy\" data-src=\"https:\/\/www.mediamix.ch\/wp-content\/uploads\/2024\/09\/Mediamix-Connect-Alliance-1024x576.jpg\" alt=\"Mediamix-Connect-Alliance\" \/><div class=\"swiper-lazy-preloader\"><\/div><\/figure><\/div><div class=\"swiper-slide\" role=\"group\" aria-roledescription=\"slide\" aria-label=\"3 sur 7\" data-no-translation-aria-label=\"\"><figure class=\"swiper-slide-inner\"><img class=\"swiper-slide-image swiper-lazy\" data-src=\"https:\/\/www.mediamix.ch\/wp-content\/uploads\/2024\/09\/Laetitia-Connect-Alliance-1024x576.jpg\" alt=\"Laetitia-Connect-Alliance\" \/><div class=\"swiper-lazy-preloader\"><\/div><\/figure><\/div><div class=\"swiper-slide\" role=\"group\" aria-roledescription=\"slide\" aria-label=\"4 sur 7\" data-no-translation-aria-label=\"\"><figure class=\"swiper-slide-inner\"><img class=\"swiper-slide-image swiper-lazy\" data-src=\"https:\/\/www.mediamix.ch\/wp-content\/uploads\/2024\/09\/Conference-Connect-Alliance-2024-1024x576.jpg\" alt=\"Conference-Connect-Alliance-2024\" \/><div class=\"swiper-lazy-preloader\"><\/div><\/figure><\/div><div class=\"swiper-slide\" role=\"group\" aria-roledescription=\"slide\" aria-label=\"5 sur 7\" data-no-translation-aria-label=\"\"><figure class=\"swiper-slide-inner\"><img class=\"swiper-slide-image swiper-lazy\" data-src=\"https:\/\/www.mediamix.ch\/wp-content\/uploads\/2024\/09\/Laetitia-Foeller-2024-1024x576.jpg\" alt=\"Laetitia-Foeller-2024\" \/><div class=\"swiper-lazy-preloader\"><\/div><\/figure><\/div><div class=\"swiper-slide\" role=\"group\" aria-roledescription=\"slide\" aria-label=\"6 sur 7\" data-no-translation-aria-label=\"\"><figure class=\"swiper-slide-inner\"><img class=\"swiper-slide-image swiper-lazy\" data-src=\"https:\/\/www.mediamix.ch\/wp-content\/uploads\/2024\/09\/Media-conference-1024x576.jpg\" alt=\"Media-conference\" \/><div class=\"swiper-lazy-preloader\"><\/div><\/figure><\/div><div class=\"swiper-slide\" role=\"group\" aria-roledescription=\"slide\" aria-label=\"7 sur 7\" data-no-translation-aria-label=\"\"><figure class=\"swiper-slide-inner\"><img class=\"swiper-slide-image swiper-lazy\" data-src=\"https:\/\/www.mediamix.ch\/wp-content\/uploads\/2024\/09\/Connect_Alliance-24-1024x576.jpg\" alt=\"Connect_Alliance-24\" \/><div class=\"swiper-lazy-preloader\"><\/div><\/figure><\/div>\t\t\t<\/div>\n\t\t\t\t\t\t\t\t\t\t\t\t<div class=\"elementor-swiper-button elementor-swiper-button-prev\" role=\"button\" tabindex=\"0\">\n\t\t\t\t\t\t<i aria-hidden=\"true\" class=\"eicon-chevron-left\"><\/i>\t\t\t\t\t<\/div>\n\t\t\t\t\t<div class=\"elementor-swiper-button elementor-swiper-button-next\" role=\"button\" tabindex=\"0\">\n\t\t\t\t\t\t<i aria-hidden=\"true\" class=\"eicon-chevron-right\"><\/i>\t\t\t\t\t<\/div>\n\t\t\t\t\n\t\t\t\t\t\t\t\t\t<div class=\"swiper-pagination\"><\/div>\n\t\t\t\t\t\t\t\t\t<\/div>\n\t\t\t\t\t\t<\/div>\n\t\t\t\t<\/div>\n\t\t\t\t\t<\/div>\n\t\t<\/div>\n\t\t\t\t\t<\/div>\n\t\t<\/section>\n\t\t\t\t<\/div>","protected":false},"excerpt":{"rendered":"<p>A l\u2019occasion de la 21\u00e8me \u00e9dition de la conf\u00e9rence annuelle Connect Alliance organis\u00e9e par Phoenix Media \u00e0 Gen\u00e8ve, Mediamix a pu prendre la parole sur l\u2019\u00e9volution de la mesure de la data dans les campagnes m\u00e9dia. \u00c0 ses c\u00f4t\u00e9s, de nombreux intervenants venus des quatre coins de l\u2019Europe se sont \u00e9galement exprim\u00e9s sur le sujet. [&hellip;]<\/p>\n","protected":false},"author":7,"featured_media":11727,"comment_status":"closed","ping_status":"closed","sticky":false,"template":"","format":"standard","meta":{"mc4wp_mailchimp_campaign":[],"footnotes":""},"categories":[14],"tags":[],"class_list":["post-11726","post","type-post","status-publish","format-standard","has-post-thumbnail","hentry","category-latest-news"],"yoast_head":"<!-- This site is optimized with the Yoast SEO Premium plugin v27.3 (Yoast SEO v27.3) - https:\/\/yoast.com\/product\/yoast-seo-premium-wordpress\/ -->\n<title>Invitation \u00e0 la 21e \u00e9dition Connect Alliance - Mediamix<\/title>\n<meta name=\"robots\" content=\"index, follow, max-snippet:-1, max-image-preview:large, max-video-preview:-1\" \/>\n<link rel=\"canonical\" href=\"https:\/\/www.mediamix.ch\/de\/latest-news\/invitation-a-la-21e-edition-connect-alliance\/\" \/>\n<meta property=\"og:locale\" content=\"de_DE\" \/>\n<meta property=\"og:type\" content=\"article\" \/>\n<meta property=\"og:title\" content=\"Invitation \u00e0 la 21e \u00e9dition Connect Alliance\" \/>\n<meta property=\"og:description\" content=\"A l\u2019occasion de la 21\u00e8me \u00e9dition de la conf\u00e9rence annuelle Connect Alliance organis\u00e9e par Phoenix Media \u00e0 Gen\u00e8ve, Mediamix a pu prendre la parole sur l\u2019\u00e9volution de la mesure de la data dans les campagnes m\u00e9dia. \u00c0 ses c\u00f4t\u00e9s, de nombreux intervenants venus des quatre coins de l\u2019Europe se sont \u00e9galement exprim\u00e9s sur le sujet. [&hellip;]\" \/>\n<meta property=\"og:url\" content=\"https:\/\/www.mediamix.ch\/de\/latest-news\/invitation-a-la-21e-edition-connect-alliance\/\" \/>\n<meta property=\"og:site_name\" content=\"Mediamix\" \/>\n<meta property=\"article:publisher\" content=\"https:\/\/www.facebook.com\/mediamixsa\/\" \/>\n<meta property=\"article:published_time\" content=\"2024-09-05T12:30:17+00:00\" \/>\n<meta property=\"article:modified_time\" content=\"2024-09-05T12:37:40+00:00\" \/>\n<meta property=\"og:image\" content=\"https:\/\/www.mediamix.ch\/wp-content\/uploads\/2024\/09\/Laetitia_Foeller_Connect_Alliance_2024.jpg\" \/>\n\t<meta property=\"og:image:width\" content=\"1920\" \/>\n\t<meta property=\"og:image:height\" content=\"1080\" \/>\n\t<meta property=\"og:image:type\" content=\"image\/jpeg\" \/>\n<meta name=\"author\" content=\"Elio Brandolini\" \/>\n<meta name=\"twitter:card\" content=\"summary_large_image\" \/>\n<meta name=\"twitter:creator\" content=\"@MediamixSa\" \/>\n<meta name=\"twitter:site\" content=\"@MediamixSa\" \/>\n<meta name=\"twitter:label1\" content=\"Verfasst von\" \/>\n\t<meta name=\"twitter:data1\" content=\"Elio Brandolini\" \/>\n\t<meta name=\"twitter:label2\" content=\"Gesch\u00e4tzte Lesezeit\" \/>\n\t<meta name=\"twitter:data2\" content=\"3\u00a0Minuten\" \/>\n<script type=\"application\/ld+json\" class=\"yoast-schema-graph\">{\"@context\":\"https:\\\/\\\/schema.org\",\"@graph\":[{\"@type\":\"Article\",\"@id\":\"https:\\\/\\\/www.mediamix.ch\\\/latest-news\\\/invitation-a-la-21e-edition-connect-alliance#article\",\"isPartOf\":{\"@id\":\"https:\\\/\\\/www.mediamix.ch\\\/latest-news\\\/invitation-a-la-21e-edition-connect-alliance\"},\"author\":{\"name\":\"Elio Brandolini\",\"@id\":\"https:\\\/\\\/www.mediamix.ch\\\/#\\\/schema\\\/person\\\/16153f45d827095d8b997a29b2f6ca65\"},\"headline\":\"Invitation \u00e0 la 21e \u00e9dition Connect Alliance\",\"datePublished\":\"2024-09-05T12:30:17+00:00\",\"dateModified\":\"2024-09-05T12:37:40+00:00\",\"mainEntityOfPage\":{\"@id\":\"https:\\\/\\\/www.mediamix.ch\\\/latest-news\\\/invitation-a-la-21e-edition-connect-alliance\"},\"wordCount\":108,\"publisher\":{\"@id\":\"https:\\\/\\\/www.mediamix.ch\\\/#organization\"},\"image\":{\"@id\":\"https:\\\/\\\/www.mediamix.ch\\\/latest-news\\\/invitation-a-la-21e-edition-connect-alliance#primaryimage\"},\"thumbnailUrl\":\"https:\\\/\\\/www.mediamix.ch\\\/wp-content\\\/uploads\\\/2024\\\/09\\\/Laetitia_Foeller_Connect_Alliance_2024.jpg\",\"articleSection\":[\"News\"],\"inLanguage\":\"de\"},{\"@type\":\"WebPage\",\"@id\":\"https:\\\/\\\/www.mediamix.ch\\\/latest-news\\\/invitation-a-la-21e-edition-connect-alliance\",\"url\":\"https:\\\/\\\/www.mediamix.ch\\\/latest-news\\\/invitation-a-la-21e-edition-connect-alliance\",\"name\":\"Invitation \u00e0 la 21e \u00e9dition Connect Alliance - Mediamix\",\"isPartOf\":{\"@id\":\"https:\\\/\\\/www.mediamix.ch\\\/#website\"},\"primaryImageOfPage\":{\"@id\":\"https:\\\/\\\/www.mediamix.ch\\\/latest-news\\\/invitation-a-la-21e-edition-connect-alliance#primaryimage\"},\"image\":{\"@id\":\"https:\\\/\\\/www.mediamix.ch\\\/latest-news\\\/invitation-a-la-21e-edition-connect-alliance#primaryimage\"},\"thumbnailUrl\":\"https:\\\/\\\/www.mediamix.ch\\\/wp-content\\\/uploads\\\/2024\\\/09\\\/Laetitia_Foeller_Connect_Alliance_2024.jpg\",\"datePublished\":\"2024-09-05T12:30:17+00:00\",\"dateModified\":\"2024-09-05T12:37:40+00:00\",\"breadcrumb\":{\"@id\":\"https:\\\/\\\/www.mediamix.ch\\\/latest-news\\\/invitation-a-la-21e-edition-connect-alliance#breadcrumb\"},\"inLanguage\":\"de\",\"potentialAction\":[{\"@type\":\"ReadAction\",\"target\":[\"https:\\\/\\\/www.mediamix.ch\\\/latest-news\\\/invitation-a-la-21e-edition-connect-alliance\"]}]},{\"@type\":\"ImageObject\",\"inLanguage\":\"de\",\"@id\":\"https:\\\/\\\/www.mediamix.ch\\\/latest-news\\\/invitation-a-la-21e-edition-connect-alliance#primaryimage\",\"url\":\"https:\\\/\\\/www.mediamix.ch\\\/wp-content\\\/uploads\\\/2024\\\/09\\\/Laetitia_Foeller_Connect_Alliance_2024.jpg\",\"contentUrl\":\"https:\\\/\\\/www.mediamix.ch\\\/wp-content\\\/uploads\\\/2024\\\/09\\\/Laetitia_Foeller_Connect_Alliance_2024.jpg\",\"width\":1920,\"height\":1080,\"caption\":\"Laetitia_Foeller_Connect_Alliance_2024\"},{\"@type\":\"BreadcrumbList\",\"@id\":\"https:\\\/\\\/www.mediamix.ch\\\/latest-news\\\/invitation-a-la-21e-edition-connect-alliance#breadcrumb\",\"itemListElement\":[{\"@type\":\"ListItem\",\"position\":1,\"name\":\"Accueil\",\"item\":\"https:\\\/\\\/www.mediamix.ch\\\/\"},{\"@type\":\"ListItem\",\"position\":2,\"name\":\"Invitation \u00e0 la 21e \u00e9dition Connect Alliance\"}]},{\"@type\":\"WebSite\",\"@id\":\"https:\\\/\\\/www.mediamix.ch\\\/#website\",\"url\":\"https:\\\/\\\/www.mediamix.ch\\\/\",\"name\":\"Mediamix\",\"description\":\"International media experts\",\"publisher\":{\"@id\":\"https:\\\/\\\/www.mediamix.ch\\\/#organization\"},\"potentialAction\":[{\"@type\":\"SearchAction\",\"target\":{\"@type\":\"EntryPoint\",\"urlTemplate\":\"https:\\\/\\\/www.mediamix.ch\\\/?s={search_term_string}\"},\"query-input\":{\"@type\":\"PropertyValueSpecification\",\"valueRequired\":true,\"valueName\":\"search_term_string\"}}],\"inLanguage\":\"de\"},{\"@type\":\"Organization\",\"@id\":\"https:\\\/\\\/www.mediamix.ch\\\/#organization\",\"name\":\"Mediamix\",\"url\":\"https:\\\/\\\/www.mediamix.ch\\\/\",\"logo\":{\"@type\":\"ImageObject\",\"inLanguage\":\"de\",\"@id\":\"https:\\\/\\\/www.mediamix.ch\\\/#\\\/schema\\\/logo\\\/image\\\/\",\"url\":\"https:\\\/\\\/www.mediamix.ch\\\/wp-content\\\/uploads\\\/2023\\\/02\\\/Logo-blanc.png\",\"contentUrl\":\"https:\\\/\\\/www.mediamix.ch\\\/wp-content\\\/uploads\\\/2023\\\/02\\\/Logo-blanc.png\",\"width\":215,\"height\":52,\"caption\":\"Mediamix\"},\"image\":{\"@id\":\"https:\\\/\\\/www.mediamix.ch\\\/#\\\/schema\\\/logo\\\/image\\\/\"},\"sameAs\":[\"https:\\\/\\\/www.facebook.com\\\/mediamixsa\\\/\",\"https:\\\/\\\/x.com\\\/MediamixSa\",\"https:\\\/\\\/www.linkedin.com\\\/company\\\/mediamix-sa\\\/\",\"https:\\\/\\\/www.youtube.com\\\/channel\\\/UCcoZdvsRrE0zpAQGkpCbh-A\",\"https:\\\/\\\/www.instagram.com\\\/mediamixsa\\\/\",\"https:\\\/\\\/www.pinterest.fr\\\/MediamixSA\\\/\"]},{\"@type\":\"Person\",\"@id\":\"https:\\\/\\\/www.mediamix.ch\\\/#\\\/schema\\\/person\\\/16153f45d827095d8b997a29b2f6ca65\",\"name\":\"Elio Brandolini\",\"url\":\"https:\\\/\\\/www.mediamix.ch\\\/de\\\/author\\\/elio\"}]}<\/script>\n<!-- \/ Yoast SEO Premium plugin. -->","yoast_head_json":{"title":"Invitation \u00e0 la 21e \u00e9dition Connect Alliance - Mediamix","robots":{"index":"index","follow":"follow","max-snippet":"max-snippet:-1","max-image-preview":"max-image-preview:large","max-video-preview":"max-video-preview:-1"},"canonical":"https:\/\/www.mediamix.ch\/de\/latest-news\/invitation-a-la-21e-edition-connect-alliance\/","og_locale":"de_DE","og_type":"article","og_title":"Invitation \u00e0 la 21e \u00e9dition Connect Alliance","og_description":"A l\u2019occasion de la 21\u00e8me \u00e9dition de la conf\u00e9rence annuelle Connect Alliance organis\u00e9e par Phoenix Media \u00e0 Gen\u00e8ve, Mediamix a pu prendre la parole sur l\u2019\u00e9volution de la mesure de la data dans les campagnes m\u00e9dia. \u00c0 ses c\u00f4t\u00e9s, de nombreux intervenants venus des quatre coins de l\u2019Europe se sont \u00e9galement exprim\u00e9s sur le sujet. [&hellip;]","og_url":"https:\/\/www.mediamix.ch\/de\/latest-news\/invitation-a-la-21e-edition-connect-alliance\/","og_site_name":"Mediamix","article_publisher":"https:\/\/www.facebook.com\/mediamixsa\/","article_published_time":"2024-09-05T12:30:17+00:00","article_modified_time":"2024-09-05T12:37:40+00:00","og_image":[{"width":1920,"height":1080,"url":"https:\/\/www.mediamix.ch\/wp-content\/uploads\/2024\/09\/Laetitia_Foeller_Connect_Alliance_2024.jpg","type":"image\/jpeg"}],"author":"Elio Brandolini","twitter_card":"summary_large_image","twitter_creator":"@MediamixSa","twitter_site":"@MediamixSa","twitter_misc":{"Verfasst von":"Elio Brandolini","Gesch\u00e4tzte Lesezeit":"3\u00a0Minuten"},"schema":{"@context":"https:\/\/schema.org","@graph":[{"@type":"Article","@id":"https:\/\/www.mediamix.ch\/latest-news\/invitation-a-la-21e-edition-connect-alliance#article","isPartOf":{"@id":"https:\/\/www.mediamix.ch\/latest-news\/invitation-a-la-21e-edition-connect-alliance"},"author":{"name":"Elio Brandolini","@id":"https:\/\/www.mediamix.ch\/#\/schema\/person\/16153f45d827095d8b997a29b2f6ca65"},"headline":"Invitation \u00e0 la 21e \u00e9dition Connect Alliance","datePublished":"2024-09-05T12:30:17+00:00","dateModified":"2024-09-05T12:37:40+00:00","mainEntityOfPage":{"@id":"https:\/\/www.mediamix.ch\/latest-news\/invitation-a-la-21e-edition-connect-alliance"},"wordCount":108,"publisher":{"@id":"https:\/\/www.mediamix.ch\/#organization"},"image":{"@id":"https:\/\/www.mediamix.ch\/latest-news\/invitation-a-la-21e-edition-connect-alliance#primaryimage"},"thumbnailUrl":"https:\/\/www.mediamix.ch\/wp-content\/uploads\/2024\/09\/Laetitia_Foeller_Connect_Alliance_2024.jpg","articleSection":["News"],"inLanguage":"de"},{"@type":"WebPage","@id":"https:\/\/www.mediamix.ch\/latest-news\/invitation-a-la-21e-edition-connect-alliance","url":"https:\/\/www.mediamix.ch\/latest-news\/invitation-a-la-21e-edition-connect-alliance","name":"Invitation \u00e0 la 21e \u00e9dition Connect Alliance - Mediamix","isPartOf":{"@id":"https:\/\/www.mediamix.ch\/#website"},"primaryImageOfPage":{"@id":"https:\/\/www.mediamix.ch\/latest-news\/invitation-a-la-21e-edition-connect-alliance#primaryimage"},"image":{"@id":"https:\/\/www.mediamix.ch\/latest-news\/invitation-a-la-21e-edition-connect-alliance#primaryimage"},"thumbnailUrl":"https:\/\/www.mediamix.ch\/wp-content\/uploads\/2024\/09\/Laetitia_Foeller_Connect_Alliance_2024.jpg","datePublished":"2024-09-05T12:30:17+00:00","dateModified":"2024-09-05T12:37:40+00:00","breadcrumb":{"@id":"https:\/\/www.mediamix.ch\/latest-news\/invitation-a-la-21e-edition-connect-alliance#breadcrumb"},"inLanguage":"de","potentialAction":[{"@type":"ReadAction","target":["https:\/\/www.mediamix.ch\/latest-news\/invitation-a-la-21e-edition-connect-alliance"]}]},{"@type":"ImageObject","inLanguage":"de","@id":"https:\/\/www.mediamix.ch\/latest-news\/invitation-a-la-21e-edition-connect-alliance#primaryimage","url":"https:\/\/www.mediamix.ch\/wp-content\/uploads\/2024\/09\/Laetitia_Foeller_Connect_Alliance_2024.jpg","contentUrl":"https:\/\/www.mediamix.ch\/wp-content\/uploads\/2024\/09\/Laetitia_Foeller_Connect_Alliance_2024.jpg","width":1920,"height":1080,"caption":"Laetitia_Foeller_Connect_Alliance_2024"},{"@type":"BreadcrumbList","@id":"https:\/\/www.mediamix.ch\/latest-news\/invitation-a-la-21e-edition-connect-alliance#breadcrumb","itemListElement":[{"@type":"ListItem","position":1,"name":"Accueil","item":"https:\/\/www.mediamix.ch\/"},{"@type":"ListItem","position":2,"name":"Invitation \u00e0 la 21e \u00e9dition Connect Alliance"}]},{"@type":"WebSite","@id":"https:\/\/www.mediamix.ch\/#website","url":"https:\/\/www.mediamix.ch\/","name":"Mediamix","description":"International media experts","publisher":{"@id":"https:\/\/www.mediamix.ch\/#organization"},"potentialAction":[{"@type":"SearchAction","target":{"@type":"EntryPoint","urlTemplate":"https:\/\/www.mediamix.ch\/?s={search_term_string}"},"query-input":{"@type":"PropertyValueSpecification","valueRequired":true,"valueName":"search_term_string"}}],"inLanguage":"de"},{"@type":"Organization","@id":"https:\/\/www.mediamix.ch\/#organization","name":"Mediamix","url":"https:\/\/www.mediamix.ch\/","logo":{"@type":"ImageObject","inLanguage":"de","@id":"https:\/\/www.mediamix.ch\/#\/schema\/logo\/image\/","url":"https:\/\/www.mediamix.ch\/wp-content\/uploads\/2023\/02\/Logo-blanc.png","contentUrl":"https:\/\/www.mediamix.ch\/wp-content\/uploads\/2023\/02\/Logo-blanc.png","width":215,"height":52,"caption":"Mediamix"},"image":{"@id":"https:\/\/www.mediamix.ch\/#\/schema\/logo\/image\/"},"sameAs":["https:\/\/www.facebook.com\/mediamixsa\/","https:\/\/x.com\/MediamixSa","https:\/\/www.linkedin.com\/company\/mediamix-sa\/","https:\/\/www.youtube.com\/channel\/UCcoZdvsRrE0zpAQGkpCbh-A","https:\/\/www.instagram.com\/mediamixsa\/","https:\/\/www.pinterest.fr\/MediamixSA\/"]},{"@type":"Person","@id":"https:\/\/www.mediamix.ch\/#\/schema\/person\/16153f45d827095d8b997a29b2f6ca65","name":"Elio Brandolini","url":"https:\/\/www.mediamix.ch\/de\/author\/elio"}]}},"_links":{"self":[{"href":"https:\/\/www.mediamix.ch\/de\/wp-json\/wp\/v2\/posts\/11726","targetHints":{"allow":["GET"]}}],"collection":[{"href":"https:\/\/www.mediamix.ch\/de\/wp-json\/wp\/v2\/posts"}],"about":[{"href":"https:\/\/www.mediamix.ch\/de\/wp-json\/wp\/v2\/types\/post"}],"author":[{"embeddable":true,"href":"https:\/\/www.mediamix.ch\/de\/wp-json\/wp\/v2\/users\/7"}],"replies":[{"embeddable":true,"href":"https:\/\/www.mediamix.ch\/de\/wp-json\/wp\/v2\/comments?post=11726"}],"version-history":[{"count":4,"href":"https:\/\/www.mediamix.ch\/de\/wp-json\/wp\/v2\/posts\/11726\/revisions"}],"predecessor-version":[{"id":11739,"href":"https:\/\/www.mediamix.ch\/de\/wp-json\/wp\/v2\/posts\/11726\/revisions\/11739"}],"wp:featuredmedia":[{"embeddable":true,"href":"https:\/\/www.mediamix.ch\/de\/wp-json\/wp\/v2\/media\/11727"}],"wp:attachment":[{"href":"https:\/\/www.mediamix.ch\/de\/wp-json\/wp\/v2\/media?parent=11726"}],"wp:term":[{"taxonomy":"category","embeddable":true,"href":"https:\/\/www.mediamix.ch\/de\/wp-json\/wp\/v2\/categories?post=11726"},{"taxonomy":"post_tag","embeddable":true,"href":"https:\/\/www.mediamix.ch\/de\/wp-json\/wp\/v2\/tags?post=11726"}],"curies":[{"name":"wp","href":"https:\/\/api.w.org\/{rel}","templated":true}]}}