{"id":11944,"date":"2025-01-23T13:38:16","date_gmt":"2025-01-23T12:38:16","guid":{"rendered":"https:\/\/www.mediamix.ch\/?p=11944"},"modified":"2025-01-23T13:42:57","modified_gmt":"2025-01-23T12:42:57","slug":"neue-format-feed-instagram","status":"publish","type":"post","link":"https:\/\/www.mediamix.ch\/de\/latest-news\/nouveau-format-grille-instagram","title":{"rendered":"Instagram gibt das quadratische Format f\u00fcr das Profilraster auf: Eine ernst zu nehmende Entwicklung f\u00fcr Ihre gesponserten Inhalte"},"content":{"rendered":"<div data-elementor-type=\"wp-post\" data-elementor-id=\"11944\" class=\"elementor elementor-11944\" data-elementor-post-type=\"post\">\n\t\t\t\t\t\t<section class=\"elementor-section elementor-top-section elementor-element elementor-element-f6856d2 elementor-section-boxed elementor-section-height-default elementor-section-height-default\" data-id=\"f6856d2\" data-element_type=\"section\" data-e-type=\"section\" data-settings=\"{&quot;jet_parallax_layout_list&quot;:[]}\">\n\t\t\t\t\t\t<div class=\"elementor-container elementor-column-gap-default\">\n\t\t\t\t\t<div class=\"elementor-column elementor-col-100 elementor-top-column elementor-element elementor-element-79fd94a\" data-id=\"79fd94a\" data-element_type=\"column\" data-e-type=\"column\">\n\t\t\t<div class=\"elementor-widget-wrap elementor-element-populated\">\n\t\t\t\t\t\t<div class=\"elementor-element elementor-element-fbd8e20 elementor-widget elementor-widget-text-editor\" data-id=\"fbd8e20\" data-element_type=\"widget\" data-e-type=\"widget\" data-widget_type=\"text-editor.default\">\n\t\t\t\t<div class=\"elementor-widget-container\">\n\t\t\t\t\t\t\t\t\t<p><span style=\"font-weight: 400;\">Seit seinen Anf\u00e4ngen hat sich Instagram als die f\u00fchrende Plattform f\u00fcr das Teilen von kreativen und inspirierenden Bildern etabliert. Jahrelang war das ikonische quadratische Format ein Kernst\u00fcck seiner DNA. Vor kurzem hat Instagram einen wichtigen Schritt nach vorne gemacht und das vertikale Format 4:5 als Standardformat f\u00fcr Beitr\u00e4ge im Profilraster eingef\u00fchrt.<\/span><\/p><h2><b>Ein Format, das f\u00fcr den mobilen Bildschirm gedacht ist.<\/b><\/h2><p><span style=\"font-weight: 400;\">Das 4:5-Vertikalformat spiegelt einen grundlegenden Trend beim Konsum von Inhalten wider: die Dominanz des Mobilger\u00e4ts. Da die Bildschirme der Smartphones immer gr\u00f6\u00dfer werden und die Vollbildnutzung immer mehr vorherrscht, maximiert dieses Format die visuelle Wirkung, indem es einen gr\u00f6\u00dferen Teil des Bildschirms des Nutzers erfasst.<\/span><\/p><p><span style=\"font-weight: 400;\">F\u00fcr gesponserte Beitr\u00e4ge bedeutet dies, dass Ihre Grafiken noch mehr Potenzial haben, die Aufmerksamkeit eines scrollenden Nutzers zu erregen. Es ist jedoch entscheidend, dass Sie Ihre Kreativen an dieses Format anpassen, um leere Fl\u00e4chen oder eine unausgewogene Komposition zu vermeiden. Momentan wird das Format 4:5 von der Meta-Plattform empfohlen, das Format 1:1 ist jedoch noch nicht ge\u00e4chtet.<\/span><\/p><h2><b>Einheitlichkeit mit Stories und Reels<\/b><\/h2><p><span style=\"font-weight: 400;\">Das neue Format stellt eine Kontinuit\u00e4t mit den Stories und Reels her, die bereits das Hochformat 9:16 verwenden. Durch die Vereinheitlichung der Formate ermutigt Instagram die Nutzer, \u00fcber die verschiedenen Funktionen hinweg immersivere und einheitlichere Inhalte zu erstellen.<\/span><\/p><p><span style=\"font-weight: 400;\">F\u00fcr Marken bedeutet dies eine einmalige Gelegenheit, Inhalte f\u00fcr Reels im Newsfeed zu recyceln oder abzuwandeln und so die Produktionskosten zu senken. Doch Vorsicht: Inhalte, die in den Reels erfolgreich sind, garantieren nicht denselben Erfolg im Feed, wo sich Tempo und Kontext unterscheiden.<\/span><\/p>\t\t\t\t\t\t\t\t<\/div>\n\t\t\t\t<\/div>\n\t\t\t\t\t<\/div>\n\t\t<\/div>\n\t\t\t\t\t<\/div>\n\t\t<\/section>\n\t\t\t\t<section class=\"elementor-section elementor-top-section elementor-element elementor-element-d91afaf elementor-section-boxed elementor-section-height-default elementor-section-height-default\" data-id=\"d91afaf\" data-element_type=\"section\" data-e-type=\"section\" data-settings=\"{&quot;jet_parallax_layout_list&quot;:[]}\">\n\t\t\t\t\t\t<div class=\"elementor-container elementor-column-gap-default\">\n\t\t\t\t\t<div class=\"elementor-column elementor-col-100 elementor-top-column elementor-element elementor-element-2943691\" data-id=\"2943691\" data-element_type=\"column\" data-e-type=\"column\">\n\t\t\t<div class=\"elementor-widget-wrap elementor-element-populated\">\n\t\t\t\t\t\t<div class=\"elementor-element elementor-element-08cd17b elementor-widget elementor-widget-image\" data-id=\"08cd17b\" data-element_type=\"widget\" data-e-type=\"widget\" data-widget_type=\"image.default\">\n\t\t\t\t<div class=\"elementor-widget-container\">\n\t\t\t\t\t\t\t\t\t\t\t\t\t\t\t<img fetchpriority=\"high\" decoding=\"async\" width=\"605\" height=\"282\" src=\"https:\/\/www.mediamix.ch\/wp-content\/uploads\/2025\/01\/differents-ratio-instagram.webp\" class=\"attachment-large size-large wp-image-11947\" alt=\"diff\u00e9rents ratio instagram\" srcset=\"https:\/\/www.mediamix.ch\/wp-content\/uploads\/2025\/01\/differents-ratio-instagram.webp 605w, https:\/\/www.mediamix.ch\/wp-content\/uploads\/2025\/01\/differents-ratio-instagram-300x140.webp 300w, https:\/\/www.mediamix.ch\/wp-content\/uploads\/2025\/01\/differents-ratio-instagram-18x8.webp 18w\" sizes=\"(max-width: 605px) 100vw, 605px\" \/>\t\t\t\t\t\t\t\t\t\t\t\t\t\t\t<\/div>\n\t\t\t\t<\/div>\n\t\t\t\t\t<\/div>\n\t\t<\/div>\n\t\t\t\t\t<\/div>\n\t\t<\/section>\n\t\t\t\t<section class=\"elementor-section elementor-top-section elementor-element elementor-element-acd4d3e elementor-section-boxed elementor-section-height-default elementor-section-height-default\" data-id=\"acd4d3e\" data-element_type=\"section\" data-e-type=\"section\" data-settings=\"{&quot;jet_parallax_layout_list&quot;:[]}\">\n\t\t\t\t\t\t<div class=\"elementor-container elementor-column-gap-default\">\n\t\t\t\t\t<div class=\"elementor-column elementor-col-100 elementor-top-column elementor-element elementor-element-60eed79\" data-id=\"60eed79\" data-element_type=\"column\" data-e-type=\"column\">\n\t\t\t<div class=\"elementor-widget-wrap elementor-element-populated\">\n\t\t\t\t\t\t<div class=\"elementor-element elementor-element-b0e6078 elementor-widget elementor-widget-text-editor\" data-id=\"b0e6078\" data-element_type=\"widget\" data-e-type=\"widget\" data-widget_type=\"text-editor.default\">\n\t\t\t\t<div class=\"elementor-widget-container\">\n\t\t\t\t\t\t\t\t\t<h2><b>Die Bedeutung der Nutzererfahrung<\/b><\/h2><p><span style=\"font-weight: 400;\">Mit diesem neuen Format bekr\u00e4ftigt Instagram die Bedeutung der Nutzererfahrung. Die Nutzer erwarten schlanke, fesselnde Visualisierungen, die auf ihre Art und Weise, wie sie auf der Plattform navigieren, zugeschnitten sind. Dies betrifft nicht nur organische Postings, sondern auch gesponserte Werbung.<\/span><\/p><p><span style=\"font-weight: 400;\">Marken m\u00fcssen sich Gedanken \u00fcber ihr visuelles Storytelling machen, um diesen vertikalen Raum mit strategisch platzierten Text-Teasern voll auszusch\u00f6pfen. Die Essenz Ihrer Botschaft in Sekundenschnelle einzufangen, ist kritischer denn je.<\/span><\/p><h2><b>Zu ber\u00fccksichtigende Produktionskosten<\/b><\/h2><p><span style=\"font-weight: 400;\">Die Umstellung auf ein neues Format kann zus\u00e4tzliche Kosten f\u00fcr die Anpassung oder Neuerstellung bestehender Inhalte verursachen. Dies sollte jedoch am besten als strategische Investition betrachtet werden. Schlecht angepasste Kreative laufen nicht nur Gefahr, ihre Zielgruppe zu verfehlen, sondern auch das Markenimage zu verw\u00e4ssern.<\/span><\/p><p><span style=\"font-weight: 400;\">So wird f\u00fcr eine Werbung im Feed das Format 4:5 empfohlen, obwohl auch 1:1 weiterhin akzeptiert wird. F\u00fcr Stories und Reels gilt weiterhin das Format 9:16. Es ist also m\u00f6glich, vielseitig einsetzbare Grafiken zu entwerfen, die diese Ma\u00dfe einhalten und sich dennoch harmonisch in das neue Raster einf\u00fcgen.<\/span><\/p>\t\t\t\t\t\t\t\t<\/div>\n\t\t\t\t<\/div>\n\t\t\t\t\t<\/div>\n\t\t<\/div>\n\t\t\t\t\t<\/div>\n\t\t<\/section>\n\t\t\t\t<\/div>","protected":false},"excerpt":{"rendered":"<p>Depuis ses d\u00e9buts, Instagram s\u2019est impos\u00e9 comme la plateforme de r\u00e9f\u00e9rence pour le partage de visuels cr\u00e9atifs et inspirants. Pendant des ann\u00e9es, le format carr\u00e9 embl\u00e9matique a \u00e9t\u00e9 au c\u0153ur de son ADN. Instagram a r\u00e9cemment franchi une \u00e9tape importante en adoptant le format vertical 4:5 par d\u00e9faut pour les publications dans la grille de [&hellip;]<\/p>\n","protected":false},"author":7,"featured_media":11945,"comment_status":"closed","ping_status":"closed","sticky":false,"template":"","format":"standard","meta":{"mc4wp_mailchimp_campaign":[],"footnotes":""},"categories":[14],"tags":[],"class_list":["post-11944","post","type-post","status-publish","format-standard","has-post-thumbnail","hentry","category-latest-news"],"yoast_head":"<!-- This site is optimized with the Yoast SEO Premium plugin v27.3 (Yoast SEO v27.3) - https:\/\/yoast.com\/product\/yoast-seo-premium-wordpress\/ -->\n<title>Instagram abandonne le format carr\u00e9 pour la grille de profil : Une \u00e9volution \u00e0 prendre au s\u00e9rieux pour vos contenus sponsoris\u00e9s - Mediamix<\/title>\n<meta name=\"description\" content=\"Le format vertical 4:5 refl\u00e8te une tendance de fond dans la consommation de contenu : la domination du mobile. Avec des \u00e9crans de smartphones qui s\u2019agrandissent et une utilisation en plein \u00e9cran de plus en plus pr\u00e9dominante, ce format maximise l\u2019impact visuel en capturant une plus grande partie de l\u2019\u00e9cran de l\u2019utilisateur.\" \/>\n<meta name=\"robots\" content=\"index, follow, max-snippet:-1, max-image-preview:large, max-video-preview:-1\" \/>\n<link rel=\"canonical\" href=\"https:\/\/www.mediamix.ch\/de\/latest-news\/neue-format-feed-instagram\/\" \/>\n<meta property=\"og:locale\" content=\"de_DE\" \/>\n<meta property=\"og:type\" content=\"article\" \/>\n<meta property=\"og:title\" content=\"Instagram abandonne le format carr\u00e9 pour la grille de profil : Une \u00e9volution \u00e0 prendre au s\u00e9rieux pour vos contenus sponsoris\u00e9s\" \/>\n<meta property=\"og:description\" content=\"Le format vertical 4:5 refl\u00e8te une tendance de fond dans la consommation de contenu : la domination du mobile. Avec des \u00e9crans de smartphones qui s\u2019agrandissent et une utilisation en plein \u00e9cran de plus en plus pr\u00e9dominante, ce format maximise l\u2019impact visuel en capturant une plus grande partie de l\u2019\u00e9cran de l\u2019utilisateur.\" \/>\n<meta property=\"og:url\" content=\"https:\/\/www.mediamix.ch\/de\/latest-news\/neue-format-feed-instagram\/\" \/>\n<meta property=\"og:site_name\" content=\"Mediamix\" \/>\n<meta property=\"article:publisher\" content=\"https:\/\/www.facebook.com\/mediamixsa\/\" \/>\n<meta property=\"article:published_time\" content=\"2025-01-23T12:38:16+00:00\" \/>\n<meta property=\"article:modified_time\" content=\"2025-01-23T12:42:57+00:00\" \/>\n<meta property=\"og:image\" content=\"https:\/\/www.mediamix.ch\/wp-content\/uploads\/2025\/01\/vignette-nouveau-format-instagram-FR.jpg\" \/>\n\t<meta property=\"og:image:width\" content=\"1920\" \/>\n\t<meta property=\"og:image:height\" content=\"1080\" \/>\n\t<meta property=\"og:image:type\" content=\"image\/jpeg\" \/>\n<meta name=\"author\" content=\"Elio Brandolini\" \/>\n<meta name=\"twitter:card\" content=\"summary_large_image\" \/>\n<meta name=\"twitter:creator\" content=\"@MediamixSa\" \/>\n<meta name=\"twitter:site\" content=\"@MediamixSa\" \/>\n<meta name=\"twitter:label1\" content=\"Verfasst von\" \/>\n\t<meta name=\"twitter:data1\" content=\"Elio Brandolini\" \/>\n\t<meta name=\"twitter:label2\" content=\"Gesch\u00e4tzte Lesezeit\" \/>\n\t<meta name=\"twitter:data2\" content=\"3\u00a0Minuten\" \/>\n<script type=\"application\/ld+json\" class=\"yoast-schema-graph\">{\"@context\":\"https:\\\/\\\/schema.org\",\"@graph\":[{\"@type\":\"Article\",\"@id\":\"https:\\\/\\\/www.mediamix.ch\\\/latest-news\\\/nouveau-format-grille-instagram#article\",\"isPartOf\":{\"@id\":\"https:\\\/\\\/www.mediamix.ch\\\/latest-news\\\/nouveau-format-grille-instagram\"},\"author\":{\"name\":\"Elio Brandolini\",\"@id\":\"https:\\\/\\\/www.mediamix.ch\\\/#\\\/schema\\\/person\\\/16153f45d827095d8b997a29b2f6ca65\"},\"headline\":\"Instagram abandonne le format carr\u00e9 pour la grille de profil : Une \u00e9volution \u00e0 prendre au s\u00e9rieux pour vos contenus sponsoris\u00e9s\",\"datePublished\":\"2025-01-23T12:38:16+00:00\",\"dateModified\":\"2025-01-23T12:42:57+00:00\",\"mainEntityOfPage\":{\"@id\":\"https:\\\/\\\/www.mediamix.ch\\\/latest-news\\\/nouveau-format-grille-instagram\"},\"wordCount\":541,\"publisher\":{\"@id\":\"https:\\\/\\\/www.mediamix.ch\\\/#organization\"},\"image\":{\"@id\":\"https:\\\/\\\/www.mediamix.ch\\\/latest-news\\\/nouveau-format-grille-instagram#primaryimage\"},\"thumbnailUrl\":\"https:\\\/\\\/www.mediamix.ch\\\/wp-content\\\/uploads\\\/2025\\\/01\\\/vignette-nouveau-format-instagram-FR.jpg\",\"articleSection\":[\"News\"],\"inLanguage\":\"de\"},{\"@type\":\"WebPage\",\"@id\":\"https:\\\/\\\/www.mediamix.ch\\\/latest-news\\\/nouveau-format-grille-instagram\",\"url\":\"https:\\\/\\\/www.mediamix.ch\\\/latest-news\\\/nouveau-format-grille-instagram\",\"name\":\"Instagram abandonne le format carr\u00e9 pour la grille de profil : Une \u00e9volution \u00e0 prendre au s\u00e9rieux pour vos contenus sponsoris\u00e9s - Mediamix\",\"isPartOf\":{\"@id\":\"https:\\\/\\\/www.mediamix.ch\\\/#website\"},\"primaryImageOfPage\":{\"@id\":\"https:\\\/\\\/www.mediamix.ch\\\/latest-news\\\/nouveau-format-grille-instagram#primaryimage\"},\"image\":{\"@id\":\"https:\\\/\\\/www.mediamix.ch\\\/latest-news\\\/nouveau-format-grille-instagram#primaryimage\"},\"thumbnailUrl\":\"https:\\\/\\\/www.mediamix.ch\\\/wp-content\\\/uploads\\\/2025\\\/01\\\/vignette-nouveau-format-instagram-FR.jpg\",\"datePublished\":\"2025-01-23T12:38:16+00:00\",\"dateModified\":\"2025-01-23T12:42:57+00:00\",\"description\":\"Le format vertical 4:5 refl\u00e8te une tendance de fond dans la consommation de contenu : la domination du mobile. Avec des \u00e9crans de smartphones qui s\u2019agrandissent et une utilisation en plein \u00e9cran de plus en plus pr\u00e9dominante, ce format maximise l\u2019impact visuel en capturant une plus grande partie de l\u2019\u00e9cran de l\u2019utilisateur.\",\"breadcrumb\":{\"@id\":\"https:\\\/\\\/www.mediamix.ch\\\/latest-news\\\/nouveau-format-grille-instagram#breadcrumb\"},\"inLanguage\":\"de\",\"potentialAction\":[{\"@type\":\"ReadAction\",\"target\":[\"https:\\\/\\\/www.mediamix.ch\\\/latest-news\\\/nouveau-format-grille-instagram\"]}]},{\"@type\":\"ImageObject\",\"inLanguage\":\"de\",\"@id\":\"https:\\\/\\\/www.mediamix.ch\\\/latest-news\\\/nouveau-format-grille-instagram#primaryimage\",\"url\":\"https:\\\/\\\/www.mediamix.ch\\\/wp-content\\\/uploads\\\/2025\\\/01\\\/vignette-nouveau-format-instagram-FR.jpg\",\"contentUrl\":\"https:\\\/\\\/www.mediamix.ch\\\/wp-content\\\/uploads\\\/2025\\\/01\\\/vignette-nouveau-format-instagram-FR.jpg\",\"width\":1920,\"height\":1080,\"caption\":\"vignette-nouveau-format-instagram-FR\"},{\"@type\":\"BreadcrumbList\",\"@id\":\"https:\\\/\\\/www.mediamix.ch\\\/latest-news\\\/nouveau-format-grille-instagram#breadcrumb\",\"itemListElement\":[{\"@type\":\"ListItem\",\"position\":1,\"name\":\"Accueil\",\"item\":\"https:\\\/\\\/www.mediamix.ch\\\/\"},{\"@type\":\"ListItem\",\"position\":2,\"name\":\"Instagram abandonne le format carr\u00e9 pour la grille de profil : Une \u00e9volution \u00e0 prendre au s\u00e9rieux pour vos contenus sponsoris\u00e9s\"}]},{\"@type\":\"WebSite\",\"@id\":\"https:\\\/\\\/www.mediamix.ch\\\/#website\",\"url\":\"https:\\\/\\\/www.mediamix.ch\\\/\",\"name\":\"Mediamix\",\"description\":\"International media experts\",\"publisher\":{\"@id\":\"https:\\\/\\\/www.mediamix.ch\\\/#organization\"},\"potentialAction\":[{\"@type\":\"SearchAction\",\"target\":{\"@type\":\"EntryPoint\",\"urlTemplate\":\"https:\\\/\\\/www.mediamix.ch\\\/?s={search_term_string}\"},\"query-input\":{\"@type\":\"PropertyValueSpecification\",\"valueRequired\":true,\"valueName\":\"search_term_string\"}}],\"inLanguage\":\"de\"},{\"@type\":\"Organization\",\"@id\":\"https:\\\/\\\/www.mediamix.ch\\\/#organization\",\"name\":\"Mediamix\",\"url\":\"https:\\\/\\\/www.mediamix.ch\\\/\",\"logo\":{\"@type\":\"ImageObject\",\"inLanguage\":\"de\",\"@id\":\"https:\\\/\\\/www.mediamix.ch\\\/#\\\/schema\\\/logo\\\/image\\\/\",\"url\":\"https:\\\/\\\/www.mediamix.ch\\\/wp-content\\\/uploads\\\/2023\\\/02\\\/Logo-blanc.png\",\"contentUrl\":\"https:\\\/\\\/www.mediamix.ch\\\/wp-content\\\/uploads\\\/2023\\\/02\\\/Logo-blanc.png\",\"width\":215,\"height\":52,\"caption\":\"Mediamix\"},\"image\":{\"@id\":\"https:\\\/\\\/www.mediamix.ch\\\/#\\\/schema\\\/logo\\\/image\\\/\"},\"sameAs\":[\"https:\\\/\\\/www.facebook.com\\\/mediamixsa\\\/\",\"https:\\\/\\\/x.com\\\/MediamixSa\",\"https:\\\/\\\/www.linkedin.com\\\/company\\\/mediamix-sa\\\/\",\"https:\\\/\\\/www.youtube.com\\\/channel\\\/UCcoZdvsRrE0zpAQGkpCbh-A\",\"https:\\\/\\\/www.instagram.com\\\/mediamixsa\\\/\",\"https:\\\/\\\/www.pinterest.fr\\\/MediamixSA\\\/\"]},{\"@type\":\"Person\",\"@id\":\"https:\\\/\\\/www.mediamix.ch\\\/#\\\/schema\\\/person\\\/16153f45d827095d8b997a29b2f6ca65\",\"name\":\"Elio Brandolini\",\"url\":\"https:\\\/\\\/www.mediamix.ch\\\/de\\\/author\\\/elio\"}]}<\/script>\n<!-- \/ Yoast SEO Premium plugin. -->","yoast_head_json":{"title":"Instagram abandonne le format carr\u00e9 pour la grille de profil : Une \u00e9volution \u00e0 prendre au s\u00e9rieux pour vos contenus sponsoris\u00e9s - Mediamix","description":"Das 4:5-Vertikalformat spiegelt einen grundlegenden Trend beim Konsum von Inhalten wider: die Dominanz des Mobilger\u00e4ts. Da die Bildschirme der Smartphones immer gr\u00f6\u00dfer werden und die Vollbildnutzung immer mehr vorherrscht, maximiert dieses Format die visuelle Wirkung, indem es einen gr\u00f6\u00dferen Teil des Bildschirms des Nutzers erfasst.","robots":{"index":"index","follow":"follow","max-snippet":"max-snippet:-1","max-image-preview":"max-image-preview:large","max-video-preview":"max-video-preview:-1"},"canonical":"https:\/\/www.mediamix.ch\/de\/latest-news\/neue-format-feed-instagram\/","og_locale":"de_DE","og_type":"article","og_title":"Instagram abandonne le format carr\u00e9 pour la grille de profil : Une \u00e9volution \u00e0 prendre au s\u00e9rieux pour vos contenus sponsoris\u00e9s","og_description":"Le format vertical 4:5 refl\u00e8te une tendance de fond dans la consommation de contenu : la domination du mobile. Avec des \u00e9crans de smartphones qui s\u2019agrandissent et une utilisation en plein \u00e9cran de plus en plus pr\u00e9dominante, ce format maximise l\u2019impact visuel en capturant une plus grande partie de l\u2019\u00e9cran de l\u2019utilisateur.","og_url":"https:\/\/www.mediamix.ch\/de\/latest-news\/neue-format-feed-instagram\/","og_site_name":"Mediamix","article_publisher":"https:\/\/www.facebook.com\/mediamixsa\/","article_published_time":"2025-01-23T12:38:16+00:00","article_modified_time":"2025-01-23T12:42:57+00:00","og_image":[{"width":1920,"height":1080,"url":"https:\/\/www.mediamix.ch\/wp-content\/uploads\/2025\/01\/vignette-nouveau-format-instagram-FR.jpg","type":"image\/jpeg"}],"author":"Elio Brandolini","twitter_card":"summary_large_image","twitter_creator":"@MediamixSa","twitter_site":"@MediamixSa","twitter_misc":{"Verfasst von":"Elio Brandolini","Gesch\u00e4tzte Lesezeit":"3\u00a0Minuten"},"schema":{"@context":"https:\/\/schema.org","@graph":[{"@type":"Article","@id":"https:\/\/www.mediamix.ch\/latest-news\/nouveau-format-grille-instagram#article","isPartOf":{"@id":"https:\/\/www.mediamix.ch\/latest-news\/nouveau-format-grille-instagram"},"author":{"name":"Elio Brandolini","@id":"https:\/\/www.mediamix.ch\/#\/schema\/person\/16153f45d827095d8b997a29b2f6ca65"},"headline":"Instagram abandonne le format carr\u00e9 pour la grille de profil : Une \u00e9volution \u00e0 prendre au s\u00e9rieux pour vos contenus sponsoris\u00e9s","datePublished":"2025-01-23T12:38:16+00:00","dateModified":"2025-01-23T12:42:57+00:00","mainEntityOfPage":{"@id":"https:\/\/www.mediamix.ch\/latest-news\/nouveau-format-grille-instagram"},"wordCount":541,"publisher":{"@id":"https:\/\/www.mediamix.ch\/#organization"},"image":{"@id":"https:\/\/www.mediamix.ch\/latest-news\/nouveau-format-grille-instagram#primaryimage"},"thumbnailUrl":"https:\/\/www.mediamix.ch\/wp-content\/uploads\/2025\/01\/vignette-nouveau-format-instagram-FR.jpg","articleSection":["News"],"inLanguage":"de"},{"@type":"WebPage","@id":"https:\/\/www.mediamix.ch\/latest-news\/nouveau-format-grille-instagram","url":"https:\/\/www.mediamix.ch\/latest-news\/nouveau-format-grille-instagram","name":"Instagram abandonne le format carr\u00e9 pour la grille de profil : Une \u00e9volution \u00e0 prendre au s\u00e9rieux pour vos contenus sponsoris\u00e9s - Mediamix","isPartOf":{"@id":"https:\/\/www.mediamix.ch\/#website"},"primaryImageOfPage":{"@id":"https:\/\/www.mediamix.ch\/latest-news\/nouveau-format-grille-instagram#primaryimage"},"image":{"@id":"https:\/\/www.mediamix.ch\/latest-news\/nouveau-format-grille-instagram#primaryimage"},"thumbnailUrl":"https:\/\/www.mediamix.ch\/wp-content\/uploads\/2025\/01\/vignette-nouveau-format-instagram-FR.jpg","datePublished":"2025-01-23T12:38:16+00:00","dateModified":"2025-01-23T12:42:57+00:00","description":"Das 4:5-Vertikalformat spiegelt einen grundlegenden Trend beim Konsum von Inhalten wider: die Dominanz des Mobilger\u00e4ts. Da die Bildschirme der Smartphones immer gr\u00f6\u00dfer werden und die Vollbildnutzung immer mehr vorherrscht, maximiert dieses Format die visuelle Wirkung, indem es einen gr\u00f6\u00dferen Teil des Bildschirms des Nutzers erfasst.","breadcrumb":{"@id":"https:\/\/www.mediamix.ch\/latest-news\/nouveau-format-grille-instagram#breadcrumb"},"inLanguage":"de","potentialAction":[{"@type":"ReadAction","target":["https:\/\/www.mediamix.ch\/latest-news\/nouveau-format-grille-instagram"]}]},{"@type":"ImageObject","inLanguage":"de","@id":"https:\/\/www.mediamix.ch\/latest-news\/nouveau-format-grille-instagram#primaryimage","url":"https:\/\/www.mediamix.ch\/wp-content\/uploads\/2025\/01\/vignette-nouveau-format-instagram-FR.jpg","contentUrl":"https:\/\/www.mediamix.ch\/wp-content\/uploads\/2025\/01\/vignette-nouveau-format-instagram-FR.jpg","width":1920,"height":1080,"caption":"vignette-nouveau-format-instagram-FR"},{"@type":"BreadcrumbList","@id":"https:\/\/www.mediamix.ch\/latest-news\/nouveau-format-grille-instagram#breadcrumb","itemListElement":[{"@type":"ListItem","position":1,"name":"Accueil","item":"https:\/\/www.mediamix.ch\/"},{"@type":"ListItem","position":2,"name":"Instagram abandonne le format carr\u00e9 pour la grille de profil : Une \u00e9volution \u00e0 prendre au s\u00e9rieux pour vos contenus sponsoris\u00e9s"}]},{"@type":"WebSite","@id":"https:\/\/www.mediamix.ch\/#website","url":"https:\/\/www.mediamix.ch\/","name":"Mediamix","description":"International media experts","publisher":{"@id":"https:\/\/www.mediamix.ch\/#organization"},"potentialAction":[{"@type":"SearchAction","target":{"@type":"EntryPoint","urlTemplate":"https:\/\/www.mediamix.ch\/?s={search_term_string}"},"query-input":{"@type":"PropertyValueSpecification","valueRequired":true,"valueName":"search_term_string"}}],"inLanguage":"de"},{"@type":"Organization","@id":"https:\/\/www.mediamix.ch\/#organization","name":"Mediamix","url":"https:\/\/www.mediamix.ch\/","logo":{"@type":"ImageObject","inLanguage":"de","@id":"https:\/\/www.mediamix.ch\/#\/schema\/logo\/image\/","url":"https:\/\/www.mediamix.ch\/wp-content\/uploads\/2023\/02\/Logo-blanc.png","contentUrl":"https:\/\/www.mediamix.ch\/wp-content\/uploads\/2023\/02\/Logo-blanc.png","width":215,"height":52,"caption":"Mediamix"},"image":{"@id":"https:\/\/www.mediamix.ch\/#\/schema\/logo\/image\/"},"sameAs":["https:\/\/www.facebook.com\/mediamixsa\/","https:\/\/x.com\/MediamixSa","https:\/\/www.linkedin.com\/company\/mediamix-sa\/","https:\/\/www.youtube.com\/channel\/UCcoZdvsRrE0zpAQGkpCbh-A","https:\/\/www.instagram.com\/mediamixsa\/","https:\/\/www.pinterest.fr\/MediamixSA\/"]},{"@type":"Person","@id":"https:\/\/www.mediamix.ch\/#\/schema\/person\/16153f45d827095d8b997a29b2f6ca65","name":"Elio Brandolini","url":"https:\/\/www.mediamix.ch\/de\/author\/elio"}]}},"_links":{"self":[{"href":"https:\/\/www.mediamix.ch\/de\/wp-json\/wp\/v2\/posts\/11944","targetHints":{"allow":["GET"]}}],"collection":[{"href":"https:\/\/www.mediamix.ch\/de\/wp-json\/wp\/v2\/posts"}],"about":[{"href":"https:\/\/www.mediamix.ch\/de\/wp-json\/wp\/v2\/types\/post"}],"author":[{"embeddable":true,"href":"https:\/\/www.mediamix.ch\/de\/wp-json\/wp\/v2\/users\/7"}],"replies":[{"embeddable":true,"href":"https:\/\/www.mediamix.ch\/de\/wp-json\/wp\/v2\/comments?post=11944"}],"version-history":[{"count":5,"href":"https:\/\/www.mediamix.ch\/de\/wp-json\/wp\/v2\/posts\/11944\/revisions"}],"predecessor-version":[{"id":11951,"href":"https:\/\/www.mediamix.ch\/de\/wp-json\/wp\/v2\/posts\/11944\/revisions\/11951"}],"wp:featuredmedia":[{"embeddable":true,"href":"https:\/\/www.mediamix.ch\/de\/wp-json\/wp\/v2\/media\/11945"}],"wp:attachment":[{"href":"https:\/\/www.mediamix.ch\/de\/wp-json\/wp\/v2\/media?parent=11944"}],"wp:term":[{"taxonomy":"category","embeddable":true,"href":"https:\/\/www.mediamix.ch\/de\/wp-json\/wp\/v2\/categories?post=11944"},{"taxonomy":"post_tag","embeddable":true,"href":"https:\/\/www.mediamix.ch\/de\/wp-json\/wp\/v2\/tags?post=11944"}],"curies":[{"name":"wp","href":"https:\/\/api.w.org\/{rel}","templated":true}]}}