{"id":4653,"date":"2021-10-12T10:49:23","date_gmt":"2021-10-12T08:49:23","guid":{"rendered":"https:\/\/www.mediamix.ch\/?p=3192"},"modified":"2023-06-09T11:09:12","modified_gmt":"2023-06-09T09:09:12","slug":"mediamix-presente-son-workshop-du-4-novembre","status":"publish","type":"post","link":"https:\/\/www.mediamix.ch\/de\/latest-news\/mediamix-presente-son-workshop-du-4-novembre","title":{"rendered":"Mediamix pr\u00e9sente son workshop du 4 novembre"},"content":{"rendered":"<h2 class=\"wp-block-heading\">Workshop<\/h2>\r\n\r\n\r\n\r\n<div class=\"wp-block-image\">\r\n<figure class=\"alignright size-large is-resized\"><img fetchpriority=\"high\" decoding=\"async\" class=\"wp-image-3222\" src=\"https:\/\/www.mediamix.ch\/wp-content\/uploads\/2021\/10\/660ec2bd-5224-d6d6-b3a9-c83097d6068f.gif\" alt=\"Mediamix pr\u00e9sente son workshop du 4 novembre\" width=\"542\" height=\"181\" \/><\/figure>\r\n<\/div>\r\n\r\n\r\n\r\n<p>9h-9h30 : Accueil et caf\u00e9<br \/><br \/>9h30-9h40 : <strong>Mediamix\u00a0<\/strong><br \/>Introduction &#8211; Henri Tripet\u00a0<br \/><br \/>9h40-10h45 : <strong>Hylink\u00a0<\/strong><br \/>Pr\u00e9sentation du march\u00e9 chinois post Covid &#8211; Yuan Zou &amp; Estelle Li<br \/><br \/>10h45-12h : <strong>Influence4You\u00a0<\/strong><br \/>Pr\u00e9sentation du marketing d&rsquo;influence &#8211; Cyrielle Aubert\u00a0<\/p>\r\n\r\n\r\n\r\n<p>12h-13h : Cocktail\u00a0<\/p>\r\n\r\n\r\n\r\n<h3 class=\"wp-block-heading\"><strong><a href=\"https:\/\/goo.gl\/maps\/bVMXTiGs1ARRu9KT6\" target=\"_blank\" rel=\"noreferrer noopener\">H\u00f4tel Alpha Palmiers<\/a><\/strong> &#8211; <strong>Rue du Petit-Ch\u00eane 34, 1003 Lausanne<\/strong><\/h3>\r\n\r\n\r\n\r\n<p>Pass Covid obligatoire<\/p>\r\n\r\n\r\n\r\n<div class=\"wp-block-spacer\" style=\"height: 30px;\" aria-hidden=\"true\">\u00a0<\/div>\r\n\r\n\r\n\r\n<div class=\"wp-block-buttons is-content-justification-center is-layout-flex wp-block-buttons-is-layout-flex\">\r\n<div class=\"wp-block-button is-style-fill\"><a class=\"wp-block-button__link has-white-color has-text-color has-background no-border-radius\" style=\"background-color: #d46c5c;\" href=\"https:\/\/docs.google.com\/forms\/d\/e\/1FAIpQLSd5dWY_cqSDvQ8ysb4QT1UIdUO6X2v3mbyjWL_g4elYLW66SA\/viewform\" target=\"_blank\" rel=\"noreferrer noopener\">INSCRIPTION<\/a><\/div>\r\n\r\n\r\n\r\n<div class=\"wp-block-button is-style-fill\"><a class=\"wp-block-button__link has-text-color no-border-radius\" style=\"color: #d46c5c;\" href=\"mailto:info@mediamix.ch?subject=Invitation%20workshop%20-%204.11.2021&amp;body=Bonjour%2C%0A%0AJe%20serai%20pr%C3%A9sent(e)%20au%20workshop%20%3A%0A-%20oui%0A-%20non%0A%0AJe%20participe%20au%20cocktail%20networking%20%3A%0A-%20oui%0A-%20non%0A%0ACordialement.%0A\" target=\"_blank\" rel=\"noreferrer noopener\">INSCRIPTION PAR EMAIL<\/a><\/div>\r\n<\/div>\r\n\r\n\r\n\r\n<div class=\"wp-block-spacer\" style=\"height: 20px;\" aria-hidden=\"true\">\u00a0<\/div>\r\n\r\n\r\n\r\n<h2 class=\"wp-block-heading\">LE MARCH\u00c9 CHINOIS POST COVID\u00a0<\/h2>\r\n\r\n\r\n\r\n<div class=\"wp-block-image\">\r\n<figure class=\"alignright size-large is-resized\"><img decoding=\"async\" class=\"wp-image-525\" src=\"https:\/\/www.mediamix.ch\/wp-content\/uploads\/2020\/09\/hylink-grey-color-1024x576.png\" alt=\"Pr\u00e9sent\u00e9 par : Hylink, la plus grande agence de communication digitale ind\u00e9pendante en Chine continentale. \" width=\"350\" height=\"189\" \/><\/figure>\r\n<\/div>\r\n\r\n\r\n\r\n<p><strong>Pr\u00e9sent\u00e9 par :\u00a0Hylink, la plus grande agence de communication digitale ind\u00e9pendante en Chine continentale.\u00a0<\/strong><\/p>\r\n\r\n\r\n\r\n<ul class=\"wp-block-list\">\r\n<li><strong>Age and Gender Subversion\u00a0: A market with new opportunities<\/strong><\/li>\r\n<li><strong>Taste Evolution<\/strong><\/li>\r\n<li><strong>Technology Appropriation\u00a0: Augmented reality and virtuel KOLs<\/strong><\/li>\r\n<li><strong>Consumer Journey Randomisation<\/strong><\/li>\r\n<li><strong>What are new functionalities of must-to-be Chinese social medias?<\/strong><\/li>\r\n<li><strong>Chinese Oversea Shopping<\/strong><\/li>\r\n<\/ul>\r\n\r\n\r\n\r\n<div class=\"wp-block-spacer\" style=\"height: 30px;\" aria-hidden=\"true\">\u00a0<\/div>\r\n\r\n\r\n\r\n<div class=\"wp-block-buttons is-content-justification-center is-layout-flex wp-block-buttons-is-layout-flex\">\r\n<div class=\"wp-block-button is-style-fill\"><a class=\"wp-block-button__link has-white-color has-text-color has-background no-border-radius\" style=\"background-color: #d46c5c;\" href=\"https:\/\/docs.google.com\/forms\/d\/e\/1FAIpQLSd5dWY_cqSDvQ8ysb4QT1UIdUO6X2v3mbyjWL_g4elYLW66SA\/viewform\" target=\"_blank\" rel=\"noreferrer noopener\">INSCRIPTION<\/a><\/div>\r\n\r\n\r\n\r\n<div class=\"wp-block-button is-style-fill\"><a class=\"wp-block-button__link has-text-color no-border-radius\" style=\"color: #d46c5c;\" href=\"mailto:info@mediamix.ch?subject=Invitation%20workshop%20-%204.11.2021&amp;body=Bonjour%2C%0A%0AJe%20serai%20pr%C3%A9sent(e)%20au%20workshop%20%3A%0A-%20oui%0A-%20non%0A%0AJe%20participe%20au%20cocktail%20networking%20%3A%0A-%20oui%0A-%20non%0A%0ACordialement.%0A\" target=\"_blank\" rel=\"noreferrer noopener\">INSCRIPTION PAR EMAIL<\/a><\/div>\r\n<\/div>\r\n\r\n\r\n\r\n<div class=\"wp-block-spacer\" style=\"height: 50px;\" aria-hidden=\"true\">\u00a0<\/div>\r\n\r\n\r\n\r\n<h2 class=\"wp-block-heading\">LE MARCH\u00c9 DE L&rsquo;INFLUENCE\u00a0<\/h2>\r\n\r\n\r\n\r\n<div class=\"wp-block-image\">\r\n<figure class=\"alignright size-large is-resized\"><img decoding=\"async\" class=\"wp-image-3197\" src=\"https:\/\/www.mediamix.ch\/wp-content\/uploads\/2021\/10\/Influence4You2.png\" alt=\"Pr\u00e9sent\u00e9 par : Influence4You, agence d'influence marketing et plateforme d'influenceurs. \" width=\"350\" height=\"85\" \/><\/figure>\r\n<\/div>\r\n\r\n\r\n\r\n<p><strong>Pr\u00e9sent\u00e9 par : Influence4You, agence d&rsquo;influence marketing et plateforme d&rsquo;influenceurs.\u00a0<\/strong><\/p>\r\n\r\n\r\n\r\n<ul class=\"wp-block-list\">\r\n<li><strong>L\u2019Influence Marketing\u00a0<\/strong><\/li>\r\n<li><strong>Les raisons d\u2019int\u00e9grer l\u2019influence \u00e0 votre strat\u00e9gie de communication<br \/>plus globale<\/strong><\/li>\r\n<li><strong>Quel mix media pour les annonceurs ?<\/strong><\/li>\r\n<li><strong>Case studies multi secteurs<\/strong><\/li>\r\n<\/ul>\r\n\r\n\r\n\r\n<div class=\"wp-block-spacer\" style=\"height: 30px;\" aria-hidden=\"true\">\u00a0<\/div>\r\n\r\n\r\n\r\n<div class=\"wp-block-buttons is-content-justification-center is-layout-flex wp-block-buttons-is-layout-flex\">\r\n<div class=\"wp-block-button is-style-fill\"><a class=\"wp-block-button__link has-white-color has-text-color has-background no-border-radius\" style=\"background-color: #d46c5c;\" href=\"https:\/\/docs.google.com\/forms\/d\/e\/1FAIpQLSd5dWY_cqSDvQ8ysb4QT1UIdUO6X2v3mbyjWL_g4elYLW66SA\/viewform\" target=\"_blank\" rel=\"noreferrer noopener\">INSCRIPTION<\/a><\/div>\r\n\r\n\r\n\r\n<div class=\"wp-block-button is-style-fill\"><a class=\"wp-block-button__link has-text-color no-border-radius\" style=\"color: #d46c5c;\" href=\"mailto:info@mediamix.ch?subject=Invitation%20workshop%20-%204.11.2021&amp;body=Bonjour%2C%0A%0AJe%20serai%20pr%C3%A9sent(e)%20au%20workshop%20%3A%0A-%20oui%0A-%20non%0A%0AJe%20participe%20au%20cocktail%20networking%20%3A%0A-%20oui%0A-%20non%0A%0ACordialement.%0A\" target=\"_blank\" rel=\"noreferrer noopener\">INSCRIPTION PAR EMAIL<\/a><\/div>\r\n<\/div>\r\n\r\n\r\n\r\n<p>&nbsp;<\/p>","protected":false},"excerpt":{"rendered":"<p>Mediamix vous invite \u00e0 son prochain workshop qui se tiendra le 4 novembre 2021 \u00e0 l&rsquo;h\u00f4tel Alpha-Palmier &#8230;<\/p>","protected":false},"author":5,"featured_media":3233,"comment_status":"closed","ping_status":"closed","sticky":false,"template":"","format":"standard","meta":{"mc4wp_mailchimp_campaign":[],"footnotes":""},"categories":[14],"tags":[],"class_list":["post-4653","post","type-post","status-publish","format-standard","has-post-thumbnail","hentry","category-latest-news"],"yoast_head":"<!-- This site is optimized with the Yoast SEO Premium plugin v27.3 (Yoast SEO v27.3) - https:\/\/yoast.com\/product\/yoast-seo-premium-wordpress\/ -->\n<title>Mediamix pr\u00e9sente son workshop du 4 novembre - Mediamix<\/title>\n<meta name=\"description\" content=\"Le march\u00e9 chinois pr\u00e9sent\u00e9 par Hylink et le march\u00e9 de l&#039;influence pr\u00e9sent\u00e9 par Influence4You\" \/>\n<meta name=\"robots\" content=\"index, follow, max-snippet:-1, max-image-preview:large, max-video-preview:-1\" \/>\n<link rel=\"canonical\" href=\"https:\/\/www.mediamix.ch\/de\/latest-news\/mediamix-presente-son-workshop-du-4-novembre\/\" \/>\n<meta property=\"og:locale\" content=\"de_DE\" \/>\n<meta property=\"og:type\" content=\"article\" \/>\n<meta property=\"og:title\" content=\"Mediamix pr\u00e9sente son workshop du 4 novembre\" \/>\n<meta property=\"og:description\" content=\"Le march\u00e9 chinois pr\u00e9sent\u00e9 par Hylink et le march\u00e9 de l&#039;influence pr\u00e9sent\u00e9 par Influence4You\" \/>\n<meta property=\"og:url\" content=\"https:\/\/www.mediamix.ch\/de\/latest-news\/mediamix-presente-son-workshop-du-4-novembre\/\" \/>\n<meta property=\"og:site_name\" content=\"Mediamix\" \/>\n<meta property=\"article:publisher\" content=\"https:\/\/www.facebook.com\/mediamixsa\/\" \/>\n<meta property=\"article:published_time\" content=\"2021-10-12T08:49:23+00:00\" \/>\n<meta property=\"article:modified_time\" content=\"2023-06-09T09:09:12+00:00\" \/>\n<meta property=\"og:image\" content=\"https:\/\/www.mediamix.ch\/wp-content\/uploads\/2021\/10\/IMG-67061-scaled-1.jpg\" \/>\n\t<meta property=\"og:image:width\" content=\"2560\" \/>\n\t<meta property=\"og:image:height\" content=\"1318\" \/>\n\t<meta property=\"og:image:type\" content=\"image\/jpeg\" \/>\n<meta name=\"author\" content=\"Carine\" \/>\n<meta name=\"twitter:card\" content=\"summary_large_image\" \/>\n<meta name=\"twitter:creator\" content=\"@MediamixSa\" \/>\n<meta name=\"twitter:site\" content=\"@MediamixSa\" \/>\n<meta name=\"twitter:label1\" content=\"Verfasst von\" \/>\n\t<meta name=\"twitter:data1\" content=\"Carine\" \/>\n\t<meta name=\"twitter:label2\" content=\"Gesch\u00e4tzte Lesezeit\" \/>\n\t<meta name=\"twitter:data2\" content=\"2\u00a0Minuten\" \/>\n<script type=\"application\/ld+json\" class=\"yoast-schema-graph\">{\"@context\":\"https:\\\/\\\/schema.org\",\"@graph\":[{\"@type\":\"Article\",\"@id\":\"https:\\\/\\\/www.mediamix.ch\\\/latest-news\\\/mediamix-presente-son-workshop-du-4-novembre#article\",\"isPartOf\":{\"@id\":\"https:\\\/\\\/www.mediamix.ch\\\/latest-news\\\/mediamix-presente-son-workshop-du-4-novembre\"},\"author\":{\"name\":\"Carine\",\"@id\":\"https:\\\/\\\/www.mediamix.ch\\\/#\\\/schema\\\/person\\\/5f1cb83d3e81c58daff772f53c533ba9\"},\"headline\":\"Mediamix pr\u00e9sente son workshop du 4 novembre\",\"datePublished\":\"2021-10-12T08:49:23+00:00\",\"dateModified\":\"2023-06-09T09:09:12+00:00\",\"mainEntityOfPage\":{\"@id\":\"https:\\\/\\\/www.mediamix.ch\\\/latest-news\\\/mediamix-presente-son-workshop-du-4-novembre\"},\"wordCount\":179,\"publisher\":{\"@id\":\"https:\\\/\\\/www.mediamix.ch\\\/#organization\"},\"image\":{\"@id\":\"https:\\\/\\\/www.mediamix.ch\\\/latest-news\\\/mediamix-presente-son-workshop-du-4-novembre#primaryimage\"},\"thumbnailUrl\":\"https:\\\/\\\/www.mediamix.ch\\\/wp-content\\\/uploads\\\/2021\\\/10\\\/IMG-67061-scaled-1.jpg\",\"articleSection\":[\"News\"],\"inLanguage\":\"de\"},{\"@type\":\"WebPage\",\"@id\":\"https:\\\/\\\/www.mediamix.ch\\\/latest-news\\\/mediamix-presente-son-workshop-du-4-novembre\",\"url\":\"https:\\\/\\\/www.mediamix.ch\\\/latest-news\\\/mediamix-presente-son-workshop-du-4-novembre\",\"name\":\"Mediamix pr\u00e9sente son workshop du 4 novembre - Mediamix\",\"isPartOf\":{\"@id\":\"https:\\\/\\\/www.mediamix.ch\\\/#website\"},\"primaryImageOfPage\":{\"@id\":\"https:\\\/\\\/www.mediamix.ch\\\/latest-news\\\/mediamix-presente-son-workshop-du-4-novembre#primaryimage\"},\"image\":{\"@id\":\"https:\\\/\\\/www.mediamix.ch\\\/latest-news\\\/mediamix-presente-son-workshop-du-4-novembre#primaryimage\"},\"thumbnailUrl\":\"https:\\\/\\\/www.mediamix.ch\\\/wp-content\\\/uploads\\\/2021\\\/10\\\/IMG-67061-scaled-1.jpg\",\"datePublished\":\"2021-10-12T08:49:23+00:00\",\"dateModified\":\"2023-06-09T09:09:12+00:00\",\"description\":\"Le march\u00e9 chinois pr\u00e9sent\u00e9 par Hylink et le march\u00e9 de l'influence pr\u00e9sent\u00e9 par Influence4You\",\"breadcrumb\":{\"@id\":\"https:\\\/\\\/www.mediamix.ch\\\/latest-news\\\/mediamix-presente-son-workshop-du-4-novembre#breadcrumb\"},\"inLanguage\":\"de\",\"potentialAction\":[{\"@type\":\"ReadAction\",\"target\":[\"https:\\\/\\\/www.mediamix.ch\\\/latest-news\\\/mediamix-presente-son-workshop-du-4-novembre\"]}]},{\"@type\":\"ImageObject\",\"inLanguage\":\"de\",\"@id\":\"https:\\\/\\\/www.mediamix.ch\\\/latest-news\\\/mediamix-presente-son-workshop-du-4-novembre#primaryimage\",\"url\":\"https:\\\/\\\/www.mediamix.ch\\\/wp-content\\\/uploads\\\/2021\\\/10\\\/IMG-67061-scaled-1.jpg\",\"contentUrl\":\"https:\\\/\\\/www.mediamix.ch\\\/wp-content\\\/uploads\\\/2021\\\/10\\\/IMG-67061-scaled-1.jpg\",\"width\":2560,\"height\":1318,\"caption\":\"Mediamix pr\u00e9sente son workshop du 4 novembre\"},{\"@type\":\"BreadcrumbList\",\"@id\":\"https:\\\/\\\/www.mediamix.ch\\\/latest-news\\\/mediamix-presente-son-workshop-du-4-novembre#breadcrumb\",\"itemListElement\":[{\"@type\":\"ListItem\",\"position\":1,\"name\":\"Accueil\",\"item\":\"https:\\\/\\\/www.mediamix.ch\\\/\"},{\"@type\":\"ListItem\",\"position\":2,\"name\":\"Mediamix pr\u00e9sente son workshop du 4 novembre\"}]},{\"@type\":\"WebSite\",\"@id\":\"https:\\\/\\\/www.mediamix.ch\\\/#website\",\"url\":\"https:\\\/\\\/www.mediamix.ch\\\/\",\"name\":\"Mediamix\",\"description\":\"International media experts\",\"publisher\":{\"@id\":\"https:\\\/\\\/www.mediamix.ch\\\/#organization\"},\"potentialAction\":[{\"@type\":\"SearchAction\",\"target\":{\"@type\":\"EntryPoint\",\"urlTemplate\":\"https:\\\/\\\/www.mediamix.ch\\\/?s={search_term_string}\"},\"query-input\":{\"@type\":\"PropertyValueSpecification\",\"valueRequired\":true,\"valueName\":\"search_term_string\"}}],\"inLanguage\":\"de\"},{\"@type\":\"Organization\",\"@id\":\"https:\\\/\\\/www.mediamix.ch\\\/#organization\",\"name\":\"Mediamix\",\"url\":\"https:\\\/\\\/www.mediamix.ch\\\/\",\"logo\":{\"@type\":\"ImageObject\",\"inLanguage\":\"de\",\"@id\":\"https:\\\/\\\/www.mediamix.ch\\\/#\\\/schema\\\/logo\\\/image\\\/\",\"url\":\"https:\\\/\\\/www.mediamix.ch\\\/wp-content\\\/uploads\\\/2023\\\/02\\\/Logo-blanc.png\",\"contentUrl\":\"https:\\\/\\\/www.mediamix.ch\\\/wp-content\\\/uploads\\\/2023\\\/02\\\/Logo-blanc.png\",\"width\":215,\"height\":52,\"caption\":\"Mediamix\"},\"image\":{\"@id\":\"https:\\\/\\\/www.mediamix.ch\\\/#\\\/schema\\\/logo\\\/image\\\/\"},\"sameAs\":[\"https:\\\/\\\/www.facebook.com\\\/mediamixsa\\\/\",\"https:\\\/\\\/x.com\\\/MediamixSa\",\"https:\\\/\\\/www.linkedin.com\\\/company\\\/mediamix-sa\\\/\",\"https:\\\/\\\/www.youtube.com\\\/channel\\\/UCcoZdvsRrE0zpAQGkpCbh-A\",\"https:\\\/\\\/www.instagram.com\\\/mediamixsa\\\/\",\"https:\\\/\\\/www.pinterest.fr\\\/MediamixSA\\\/\"]},{\"@type\":\"Person\",\"@id\":\"https:\\\/\\\/www.mediamix.ch\\\/#\\\/schema\\\/person\\\/5f1cb83d3e81c58daff772f53c533ba9\",\"name\":\"Carine\",\"url\":\"https:\\\/\\\/www.mediamix.ch\\\/de\\\/author\\\/carine\"}]}<\/script>\n<!-- \/ Yoast SEO Premium plugin. -->","yoast_head_json":{"title":"Mediamix pr\u00e9sente son workshop du 4 novembre - Mediamix","description":"Le march\u00e9 chinois pr\u00e9sent\u00e9 par Hylink et le march\u00e9 de l'influence pr\u00e9sent\u00e9 par Influence4You","robots":{"index":"index","follow":"follow","max-snippet":"max-snippet:-1","max-image-preview":"max-image-preview:large","max-video-preview":"max-video-preview:-1"},"canonical":"https:\/\/www.mediamix.ch\/de\/latest-news\/mediamix-presente-son-workshop-du-4-novembre\/","og_locale":"de_DE","og_type":"article","og_title":"Mediamix pr\u00e9sente son workshop du 4 novembre","og_description":"Le march\u00e9 chinois pr\u00e9sent\u00e9 par Hylink et le march\u00e9 de l'influence pr\u00e9sent\u00e9 par Influence4You","og_url":"https:\/\/www.mediamix.ch\/de\/latest-news\/mediamix-presente-son-workshop-du-4-novembre\/","og_site_name":"Mediamix","article_publisher":"https:\/\/www.facebook.com\/mediamixsa\/","article_published_time":"2021-10-12T08:49:23+00:00","article_modified_time":"2023-06-09T09:09:12+00:00","og_image":[{"width":2560,"height":1318,"url":"https:\/\/www.mediamix.ch\/wp-content\/uploads\/2021\/10\/IMG-67061-scaled-1.jpg","type":"image\/jpeg"}],"author":"Carine","twitter_card":"summary_large_image","twitter_creator":"@MediamixSa","twitter_site":"@MediamixSa","twitter_misc":{"Verfasst von":"Carine","Gesch\u00e4tzte Lesezeit":"2\u00a0Minuten"},"schema":{"@context":"https:\/\/schema.org","@graph":[{"@type":"Article","@id":"https:\/\/www.mediamix.ch\/latest-news\/mediamix-presente-son-workshop-du-4-novembre#article","isPartOf":{"@id":"https:\/\/www.mediamix.ch\/latest-news\/mediamix-presente-son-workshop-du-4-novembre"},"author":{"name":"Carine","@id":"https:\/\/www.mediamix.ch\/#\/schema\/person\/5f1cb83d3e81c58daff772f53c533ba9"},"headline":"Mediamix pr\u00e9sente son workshop du 4 novembre","datePublished":"2021-10-12T08:49:23+00:00","dateModified":"2023-06-09T09:09:12+00:00","mainEntityOfPage":{"@id":"https:\/\/www.mediamix.ch\/latest-news\/mediamix-presente-son-workshop-du-4-novembre"},"wordCount":179,"publisher":{"@id":"https:\/\/www.mediamix.ch\/#organization"},"image":{"@id":"https:\/\/www.mediamix.ch\/latest-news\/mediamix-presente-son-workshop-du-4-novembre#primaryimage"},"thumbnailUrl":"https:\/\/www.mediamix.ch\/wp-content\/uploads\/2021\/10\/IMG-67061-scaled-1.jpg","articleSection":["News"],"inLanguage":"de"},{"@type":"WebPage","@id":"https:\/\/www.mediamix.ch\/latest-news\/mediamix-presente-son-workshop-du-4-novembre","url":"https:\/\/www.mediamix.ch\/latest-news\/mediamix-presente-son-workshop-du-4-novembre","name":"Mediamix pr\u00e9sente son workshop du 4 novembre - Mediamix","isPartOf":{"@id":"https:\/\/www.mediamix.ch\/#website"},"primaryImageOfPage":{"@id":"https:\/\/www.mediamix.ch\/latest-news\/mediamix-presente-son-workshop-du-4-novembre#primaryimage"},"image":{"@id":"https:\/\/www.mediamix.ch\/latest-news\/mediamix-presente-son-workshop-du-4-novembre#primaryimage"},"thumbnailUrl":"https:\/\/www.mediamix.ch\/wp-content\/uploads\/2021\/10\/IMG-67061-scaled-1.jpg","datePublished":"2021-10-12T08:49:23+00:00","dateModified":"2023-06-09T09:09:12+00:00","description":"Le march\u00e9 chinois pr\u00e9sent\u00e9 par Hylink et le march\u00e9 de l'influence pr\u00e9sent\u00e9 par Influence4You","breadcrumb":{"@id":"https:\/\/www.mediamix.ch\/latest-news\/mediamix-presente-son-workshop-du-4-novembre#breadcrumb"},"inLanguage":"de","potentialAction":[{"@type":"ReadAction","target":["https:\/\/www.mediamix.ch\/latest-news\/mediamix-presente-son-workshop-du-4-novembre"]}]},{"@type":"ImageObject","inLanguage":"de","@id":"https:\/\/www.mediamix.ch\/latest-news\/mediamix-presente-son-workshop-du-4-novembre#primaryimage","url":"https:\/\/www.mediamix.ch\/wp-content\/uploads\/2021\/10\/IMG-67061-scaled-1.jpg","contentUrl":"https:\/\/www.mediamix.ch\/wp-content\/uploads\/2021\/10\/IMG-67061-scaled-1.jpg","width":2560,"height":1318,"caption":"Mediamix pr\u00e9sente son workshop du 4 novembre"},{"@type":"BreadcrumbList","@id":"https:\/\/www.mediamix.ch\/latest-news\/mediamix-presente-son-workshop-du-4-novembre#breadcrumb","itemListElement":[{"@type":"ListItem","position":1,"name":"Accueil","item":"https:\/\/www.mediamix.ch\/"},{"@type":"ListItem","position":2,"name":"Mediamix pr\u00e9sente son workshop du 4 novembre"}]},{"@type":"WebSite","@id":"https:\/\/www.mediamix.ch\/#website","url":"https:\/\/www.mediamix.ch\/","name":"Mediamix","description":"International media experts","publisher":{"@id":"https:\/\/www.mediamix.ch\/#organization"},"potentialAction":[{"@type":"SearchAction","target":{"@type":"EntryPoint","urlTemplate":"https:\/\/www.mediamix.ch\/?s={search_term_string}"},"query-input":{"@type":"PropertyValueSpecification","valueRequired":true,"valueName":"search_term_string"}}],"inLanguage":"de"},{"@type":"Organization","@id":"https:\/\/www.mediamix.ch\/#organization","name":"Mediamix","url":"https:\/\/www.mediamix.ch\/","logo":{"@type":"ImageObject","inLanguage":"de","@id":"https:\/\/www.mediamix.ch\/#\/schema\/logo\/image\/","url":"https:\/\/www.mediamix.ch\/wp-content\/uploads\/2023\/02\/Logo-blanc.png","contentUrl":"https:\/\/www.mediamix.ch\/wp-content\/uploads\/2023\/02\/Logo-blanc.png","width":215,"height":52,"caption":"Mediamix"},"image":{"@id":"https:\/\/www.mediamix.ch\/#\/schema\/logo\/image\/"},"sameAs":["https:\/\/www.facebook.com\/mediamixsa\/","https:\/\/x.com\/MediamixSa","https:\/\/www.linkedin.com\/company\/mediamix-sa\/","https:\/\/www.youtube.com\/channel\/UCcoZdvsRrE0zpAQGkpCbh-A","https:\/\/www.instagram.com\/mediamixsa\/","https:\/\/www.pinterest.fr\/MediamixSA\/"]},{"@type":"Person","@id":"https:\/\/www.mediamix.ch\/#\/schema\/person\/5f1cb83d3e81c58daff772f53c533ba9","name":"Carine","url":"https:\/\/www.mediamix.ch\/de\/author\/carine"}]}},"_links":{"self":[{"href":"https:\/\/www.mediamix.ch\/de\/wp-json\/wp\/v2\/posts\/4653","targetHints":{"allow":["GET"]}}],"collection":[{"href":"https:\/\/www.mediamix.ch\/de\/wp-json\/wp\/v2\/posts"}],"about":[{"href":"https:\/\/www.mediamix.ch\/de\/wp-json\/wp\/v2\/types\/post"}],"author":[{"embeddable":true,"href":"https:\/\/www.mediamix.ch\/de\/wp-json\/wp\/v2\/users\/5"}],"replies":[{"embeddable":true,"href":"https:\/\/www.mediamix.ch\/de\/wp-json\/wp\/v2\/comments?post=4653"}],"version-history":[{"count":2,"href":"https:\/\/www.mediamix.ch\/de\/wp-json\/wp\/v2\/posts\/4653\/revisions"}],"predecessor-version":[{"id":9834,"href":"https:\/\/www.mediamix.ch\/de\/wp-json\/wp\/v2\/posts\/4653\/revisions\/9834"}],"wp:featuredmedia":[{"embeddable":true,"href":"https:\/\/www.mediamix.ch\/de\/wp-json\/wp\/v2\/media\/3233"}],"wp:attachment":[{"href":"https:\/\/www.mediamix.ch\/de\/wp-json\/wp\/v2\/media?parent=4653"}],"wp:term":[{"taxonomy":"category","embeddable":true,"href":"https:\/\/www.mediamix.ch\/de\/wp-json\/wp\/v2\/categories?post=4653"},{"taxonomy":"post_tag","embeddable":true,"href":"https:\/\/www.mediamix.ch\/de\/wp-json\/wp\/v2\/tags?post=4653"}],"curies":[{"name":"wp","href":"https:\/\/api.w.org\/{rel}","templated":true}]}}