{"id":10216,"date":"2023-06-14T07:51:21","date_gmt":"2023-06-14T05:51:21","guid":{"rendered":"https:\/\/www.mediamix.ch\/?p=10216"},"modified":"2023-08-18T15:47:05","modified_gmt":"2023-08-18T13:47:05","slug":"a-breath-of-fresh-air-is-blowing-over-the-agencys-visual-identity-and-our-website","status":"publish","type":"post","link":"https:\/\/www.mediamix.ch\/en\/latest-news\/un-vent-de-fraicheur-souffle-sur-lidentite-visuelle-de-lagence-et-de-notre-site-web","title":{"rendered":"A breath of fresh air is blowing over the agency's visual identity and our website"},"content":{"rendered":"<div data-elementor-type=\"wp-post\" data-elementor-id=\"10216\" class=\"elementor elementor-10216\" data-elementor-post-type=\"post\">\n\t\t\t\t\t\t<section class=\"elementor-section elementor-top-section elementor-element elementor-element-6431e8d elementor-section-boxed elementor-section-height-default elementor-section-height-default\" data-id=\"6431e8d\" data-element_type=\"section\" data-e-type=\"section\" data-settings=\"{&quot;jet_parallax_layout_list&quot;:[]}\">\n\t\t\t\t\t\t<div class=\"elementor-container elementor-column-gap-default\">\n\t\t\t\t\t<div class=\"elementor-column elementor-col-100 elementor-top-column elementor-element elementor-element-e3cf86d\" data-id=\"e3cf86d\" data-element_type=\"column\" data-e-type=\"column\">\n\t\t\t<div class=\"elementor-widget-wrap elementor-element-populated\">\n\t\t\t\t\t\t<div class=\"elementor-element elementor-element-acae958 elementor-widget elementor-widget-text-editor\" data-id=\"acae958\" data-element_type=\"widget\" data-e-type=\"widget\" data-widget_type=\"text-editor.default\">\n\t\t\t\t<div class=\"elementor-widget-container\">\n\t\t\t\t\t\t\t\t\t<p><span style=\"font-weight: 400;\">As 2023 gently glides towards the warmth of Summer, at Mediamix we already see it as a vintage year, a special brew with a unique flavour.<\/span><\/p><p>\u00a0<\/p><p><span style=\"font-weight: 400;\">Just as good wine is not just about taste, but also presentation, we've decided to add a touch of zing to our look. Our friends at Cavalcade Agency have cooked up a new visual identity for us, with a fresh new logo, vibrant new colours and a slogan that captures us perfectly: \"International Media Experts\".<\/span><\/p><p><span style=\"font-weight: 400;\">Who said a media agency had to be boring?<\/span><b>\u00a0<\/b><\/p><p class=\"translation-block\">At Mediamix, we shatter that notion with our <b>colourful, vibrant, and above all, alive approach<\/b><span style=\"font-weight: 400\">.With a strong connection to media on every continent and an unwavering human touch, we redefine what it means to be a media agency.<\/span><\/p><p><span style=\"font-weight: 400;\">Our logo reflects the ambivalence that characterizes us - big, yet small; Swiss, yet international; expert, yet unpretentious.Each element symbolizes our unique identity, capturing the essence of Mediamix's dynamic spirit.\u00a0<\/span><\/p><p>\u00a0<\/p><p><span style=\"font-weight: 400;\">And of course, every good bottle deserves a label to match. We are therefore delighted to present our new website to you.\u00a0<\/span><\/p>\t\t\t\t\t\t\t\t<\/div>\n\t\t\t\t<\/div>\n\t\t\t\t\t<\/div>\n\t\t<\/div>\n\t\t\t\t\t<\/div>\n\t\t<\/section>\n\t\t\t\t<\/div>","protected":false},"excerpt":{"rendered":"<p>Alors que l&rsquo;ann\u00e9e 2023 s\u2019\u00e9coule vers les douceurs de l\u2019\u00e9t\u00e9, chez Mediamix nous la voyons d\u00e9j\u00e0 comme un mill\u00e9sime m\u00e9morable, une cuv\u00e9e sp\u00e9ciale \u00e0 la saveur unique. Tout comme un bon vin n&rsquo;est pas seulement une question de go\u00fbt, mais aussi de pr\u00e9sentation, nous avons d\u00e9cid\u00e9 d&rsquo;ajouter une petite touche de peps \u00e0 notre look. [&hellip;]<\/p>\n","protected":false},"author":7,"featured_media":10217,"comment_status":"closed","ping_status":"closed","sticky":false,"template":"","format":"standard","meta":{"mc4wp_mailchimp_campaign":[],"footnotes":""},"categories":[14],"tags":[],"class_list":["post-10216","post","type-post","status-publish","format-standard","has-post-thumbnail","hentry","category-latest-news"],"yoast_head":"<!-- This site is optimized with the Yoast SEO Premium plugin v27.3 (Yoast SEO v27.3) - https:\/\/yoast.com\/product\/yoast-seo-premium-wordpress\/ -->\n<title>Un vent de fra\u00eecheur souffle sur l\u2019identit\u00e9 visuelle de l\u2019agence et de notre site web - Mediamix<\/title>\n<meta name=\"description\" content=\"Nos amis de l\u2019agence Cavalcade nous ont concoct\u00e9 une nouvelle identit\u00e9 visuelle, avec un logo flambant neuf, de nouvelles couleurs p\u00e9tillantes et un slogan qui nous d\u00e9crit \u00e0 la perfection : International Media Experts\" \/>\n<meta name=\"robots\" content=\"index, follow, max-snippet:-1, max-image-preview:large, max-video-preview:-1\" \/>\n<link rel=\"canonical\" href=\"https:\/\/www.mediamix.ch\/en\/latest-news\/a-breath-of-fresh-air-is-blowing-over-the-agencys-visual-identity-and-our-website\/\" \/>\n<meta property=\"og:locale\" content=\"en_US\" \/>\n<meta property=\"og:type\" content=\"article\" \/>\n<meta property=\"og:title\" content=\"Un vent de fra\u00eecheur souffle sur l\u2019identit\u00e9 visuelle de l\u2019agence et de notre site web\" \/>\n<meta property=\"og:description\" content=\"Nos amis de l\u2019agence Cavalcade nous ont concoct\u00e9 une nouvelle identit\u00e9 visuelle, avec un logo flambant neuf, de nouvelles couleurs p\u00e9tillantes et un slogan qui nous d\u00e9crit \u00e0 la perfection : International Media Experts\" \/>\n<meta property=\"og:url\" content=\"https:\/\/www.mediamix.ch\/en\/latest-news\/a-breath-of-fresh-air-is-blowing-over-the-agencys-visual-identity-and-our-website\/\" \/>\n<meta property=\"og:site_name\" content=\"Mediamix\" \/>\n<meta property=\"article:publisher\" content=\"https:\/\/www.facebook.com\/mediamixsa\/\" \/>\n<meta property=\"article:published_time\" content=\"2023-06-14T05:51:21+00:00\" \/>\n<meta property=\"article:modified_time\" content=\"2023-08-18T13:47:05+00:00\" \/>\n<meta property=\"og:image\" content=\"https:\/\/www.mediamix.ch\/wp-content\/uploads\/2023\/06\/post_2.png\" \/>\n\t<meta property=\"og:image:width\" content=\"3000\" \/>\n\t<meta property=\"og:image:height\" content=\"2000\" \/>\n\t<meta property=\"og:image:type\" content=\"image\/png\" \/>\n<meta name=\"author\" content=\"Elio Brandolini\" \/>\n<meta name=\"twitter:card\" content=\"summary_large_image\" \/>\n<meta name=\"twitter:creator\" content=\"@MediamixSa\" \/>\n<meta name=\"twitter:site\" content=\"@MediamixSa\" \/>\n<meta name=\"twitter:label1\" content=\"Written by\" \/>\n\t<meta name=\"twitter:data1\" content=\"Elio Brandolini\" \/>\n\t<meta name=\"twitter:label2\" content=\"Est. reading time\" \/>\n\t<meta name=\"twitter:data2\" content=\"1 minute\" \/>\n<script type=\"application\/ld+json\" class=\"yoast-schema-graph\">{\"@context\":\"https:\\\/\\\/schema.org\",\"@graph\":[{\"@type\":\"Article\",\"@id\":\"https:\\\/\\\/www.mediamix.ch\\\/latest-news\\\/un-vent-de-fraicheur-souffle-sur-lidentite-visuelle-de-lagence-et-de-notre-site-web#article\",\"isPartOf\":{\"@id\":\"https:\\\/\\\/www.mediamix.ch\\\/latest-news\\\/un-vent-de-fraicheur-souffle-sur-lidentite-visuelle-de-lagence-et-de-notre-site-web\"},\"author\":{\"name\":\"Elio Brandolini\",\"@id\":\"https:\\\/\\\/www.mediamix.ch\\\/#\\\/schema\\\/person\\\/16153f45d827095d8b997a29b2f6ca65\"},\"headline\":\"Un vent de fra\u00eecheur souffle sur l\u2019identit\u00e9 visuelle de l\u2019agence et de notre site web\",\"datePublished\":\"2023-06-14T05:51:21+00:00\",\"dateModified\":\"2023-08-18T13:47:05+00:00\",\"mainEntityOfPage\":{\"@id\":\"https:\\\/\\\/www.mediamix.ch\\\/latest-news\\\/un-vent-de-fraicheur-souffle-sur-lidentite-visuelle-de-lagence-et-de-notre-site-web\"},\"wordCount\":212,\"publisher\":{\"@id\":\"https:\\\/\\\/www.mediamix.ch\\\/#organization\"},\"image\":{\"@id\":\"https:\\\/\\\/www.mediamix.ch\\\/latest-news\\\/un-vent-de-fraicheur-souffle-sur-lidentite-visuelle-de-lagence-et-de-notre-site-web#primaryimage\"},\"thumbnailUrl\":\"https:\\\/\\\/www.mediamix.ch\\\/wp-content\\\/uploads\\\/2023\\\/06\\\/post_2.png\",\"articleSection\":[\"News\"],\"inLanguage\":\"en-US\"},{\"@type\":\"WebPage\",\"@id\":\"https:\\\/\\\/www.mediamix.ch\\\/latest-news\\\/un-vent-de-fraicheur-souffle-sur-lidentite-visuelle-de-lagence-et-de-notre-site-web\",\"url\":\"https:\\\/\\\/www.mediamix.ch\\\/latest-news\\\/un-vent-de-fraicheur-souffle-sur-lidentite-visuelle-de-lagence-et-de-notre-site-web\",\"name\":\"Un vent de fra\u00eecheur souffle sur l\u2019identit\u00e9 visuelle de l\u2019agence et de notre site web - Mediamix\",\"isPartOf\":{\"@id\":\"https:\\\/\\\/www.mediamix.ch\\\/#website\"},\"primaryImageOfPage\":{\"@id\":\"https:\\\/\\\/www.mediamix.ch\\\/latest-news\\\/un-vent-de-fraicheur-souffle-sur-lidentite-visuelle-de-lagence-et-de-notre-site-web#primaryimage\"},\"image\":{\"@id\":\"https:\\\/\\\/www.mediamix.ch\\\/latest-news\\\/un-vent-de-fraicheur-souffle-sur-lidentite-visuelle-de-lagence-et-de-notre-site-web#primaryimage\"},\"thumbnailUrl\":\"https:\\\/\\\/www.mediamix.ch\\\/wp-content\\\/uploads\\\/2023\\\/06\\\/post_2.png\",\"datePublished\":\"2023-06-14T05:51:21+00:00\",\"dateModified\":\"2023-08-18T13:47:05+00:00\",\"description\":\"Nos amis de l\u2019agence Cavalcade nous ont concoct\u00e9 une nouvelle identit\u00e9 visuelle, avec un logo flambant neuf, de nouvelles couleurs p\u00e9tillantes et un slogan qui nous d\u00e9crit \u00e0 la perfection : International Media Experts\",\"breadcrumb\":{\"@id\":\"https:\\\/\\\/www.mediamix.ch\\\/latest-news\\\/un-vent-de-fraicheur-souffle-sur-lidentite-visuelle-de-lagence-et-de-notre-site-web#breadcrumb\"},\"inLanguage\":\"en-US\",\"potentialAction\":[{\"@type\":\"ReadAction\",\"target\":[\"https:\\\/\\\/www.mediamix.ch\\\/latest-news\\\/un-vent-de-fraicheur-souffle-sur-lidentite-visuelle-de-lagence-et-de-notre-site-web\"]}]},{\"@type\":\"ImageObject\",\"inLanguage\":\"en-US\",\"@id\":\"https:\\\/\\\/www.mediamix.ch\\\/latest-news\\\/un-vent-de-fraicheur-souffle-sur-lidentite-visuelle-de-lagence-et-de-notre-site-web#primaryimage\",\"url\":\"https:\\\/\\\/www.mediamix.ch\\\/wp-content\\\/uploads\\\/2023\\\/06\\\/post_2.png\",\"contentUrl\":\"https:\\\/\\\/www.mediamix.ch\\\/wp-content\\\/uploads\\\/2023\\\/06\\\/post_2.png\",\"width\":3000,\"height\":2000},{\"@type\":\"BreadcrumbList\",\"@id\":\"https:\\\/\\\/www.mediamix.ch\\\/latest-news\\\/un-vent-de-fraicheur-souffle-sur-lidentite-visuelle-de-lagence-et-de-notre-site-web#breadcrumb\",\"itemListElement\":[{\"@type\":\"ListItem\",\"position\":1,\"name\":\"Accueil\",\"item\":\"https:\\\/\\\/www.mediamix.ch\\\/\"},{\"@type\":\"ListItem\",\"position\":2,\"name\":\"Un vent de fra\u00eecheur souffle sur l\u2019identit\u00e9 visuelle de l\u2019agence et de notre site web\"}]},{\"@type\":\"WebSite\",\"@id\":\"https:\\\/\\\/www.mediamix.ch\\\/#website\",\"url\":\"https:\\\/\\\/www.mediamix.ch\\\/\",\"name\":\"Mediamix\",\"description\":\"International media experts\",\"publisher\":{\"@id\":\"https:\\\/\\\/www.mediamix.ch\\\/#organization\"},\"potentialAction\":[{\"@type\":\"SearchAction\",\"target\":{\"@type\":\"EntryPoint\",\"urlTemplate\":\"https:\\\/\\\/www.mediamix.ch\\\/?s={search_term_string}\"},\"query-input\":{\"@type\":\"PropertyValueSpecification\",\"valueRequired\":true,\"valueName\":\"search_term_string\"}}],\"inLanguage\":\"en-US\"},{\"@type\":\"Organization\",\"@id\":\"https:\\\/\\\/www.mediamix.ch\\\/#organization\",\"name\":\"Mediamix\",\"url\":\"https:\\\/\\\/www.mediamix.ch\\\/\",\"logo\":{\"@type\":\"ImageObject\",\"inLanguage\":\"en-US\",\"@id\":\"https:\\\/\\\/www.mediamix.ch\\\/#\\\/schema\\\/logo\\\/image\\\/\",\"url\":\"https:\\\/\\\/www.mediamix.ch\\\/wp-content\\\/uploads\\\/2023\\\/02\\\/Logo-blanc.png\",\"contentUrl\":\"https:\\\/\\\/www.mediamix.ch\\\/wp-content\\\/uploads\\\/2023\\\/02\\\/Logo-blanc.png\",\"width\":215,\"height\":52,\"caption\":\"Mediamix\"},\"image\":{\"@id\":\"https:\\\/\\\/www.mediamix.ch\\\/#\\\/schema\\\/logo\\\/image\\\/\"},\"sameAs\":[\"https:\\\/\\\/www.facebook.com\\\/mediamixsa\\\/\",\"https:\\\/\\\/x.com\\\/MediamixSa\",\"https:\\\/\\\/www.linkedin.com\\\/company\\\/mediamix-sa\\\/\",\"https:\\\/\\\/www.youtube.com\\\/channel\\\/UCcoZdvsRrE0zpAQGkpCbh-A\",\"https:\\\/\\\/www.instagram.com\\\/mediamixsa\\\/\",\"https:\\\/\\\/www.pinterest.fr\\\/MediamixSA\\\/\"]},{\"@type\":\"Person\",\"@id\":\"https:\\\/\\\/www.mediamix.ch\\\/#\\\/schema\\\/person\\\/16153f45d827095d8b997a29b2f6ca65\",\"name\":\"Elio Brandolini\",\"url\":\"https:\\\/\\\/www.mediamix.ch\\\/en\\\/author\\\/elio\"}]}<\/script>\n<!-- \/ Yoast SEO Premium plugin. -->","yoast_head_json":{"title":"A breath of fresh air is blowing over the agency's visual identity and our website - Mediamix","description":"Our friends at Cavalcade Agency have cooked up a new visual identity for us, with a fresh new logo, vibrant new colours and a slogan that captures us perfectly: International Media Experts","robots":{"index":"index","follow":"follow","max-snippet":"max-snippet:-1","max-image-preview":"max-image-preview:large","max-video-preview":"max-video-preview:-1"},"canonical":"https:\/\/www.mediamix.ch\/en\/latest-news\/a-breath-of-fresh-air-is-blowing-over-the-agencys-visual-identity-and-our-website\/","og_locale":"en_US","og_type":"article","og_title":"Un vent de fra\u00eecheur souffle sur l\u2019identit\u00e9 visuelle de l\u2019agence et de notre site web","og_description":"Nos amis de l\u2019agence Cavalcade nous ont concoct\u00e9 une nouvelle identit\u00e9 visuelle, avec un logo flambant neuf, de nouvelles couleurs p\u00e9tillantes et un slogan qui nous d\u00e9crit \u00e0 la perfection : International Media Experts","og_url":"https:\/\/www.mediamix.ch\/en\/latest-news\/a-breath-of-fresh-air-is-blowing-over-the-agencys-visual-identity-and-our-website\/","og_site_name":"Mediamix","article_publisher":"https:\/\/www.facebook.com\/mediamixsa\/","article_published_time":"2023-06-14T05:51:21+00:00","article_modified_time":"2023-08-18T13:47:05+00:00","og_image":[{"width":3000,"height":2000,"url":"https:\/\/www.mediamix.ch\/wp-content\/uploads\/2023\/06\/post_2.png","type":"image\/png"}],"author":"Elio Brandolini","twitter_card":"summary_large_image","twitter_creator":"@MediamixSa","twitter_site":"@MediamixSa","twitter_misc":{"Written by":"Elio Brandolini","Est. reading time":"1 minute"},"schema":{"@context":"https:\/\/schema.org","@graph":[{"@type":"Article","@id":"https:\/\/www.mediamix.ch\/latest-news\/un-vent-de-fraicheur-souffle-sur-lidentite-visuelle-de-lagence-et-de-notre-site-web#article","isPartOf":{"@id":"https:\/\/www.mediamix.ch\/latest-news\/un-vent-de-fraicheur-souffle-sur-lidentite-visuelle-de-lagence-et-de-notre-site-web"},"author":{"name":"Elio Brandolini","@id":"https:\/\/www.mediamix.ch\/#\/schema\/person\/16153f45d827095d8b997a29b2f6ca65"},"headline":"Un vent de fra\u00eecheur souffle sur l\u2019identit\u00e9 visuelle de l\u2019agence et de notre site web","datePublished":"2023-06-14T05:51:21+00:00","dateModified":"2023-08-18T13:47:05+00:00","mainEntityOfPage":{"@id":"https:\/\/www.mediamix.ch\/latest-news\/un-vent-de-fraicheur-souffle-sur-lidentite-visuelle-de-lagence-et-de-notre-site-web"},"wordCount":212,"publisher":{"@id":"https:\/\/www.mediamix.ch\/#organization"},"image":{"@id":"https:\/\/www.mediamix.ch\/latest-news\/un-vent-de-fraicheur-souffle-sur-lidentite-visuelle-de-lagence-et-de-notre-site-web#primaryimage"},"thumbnailUrl":"https:\/\/www.mediamix.ch\/wp-content\/uploads\/2023\/06\/post_2.png","articleSection":["News"],"inLanguage":"en-US"},{"@type":"WebPage","@id":"https:\/\/www.mediamix.ch\/latest-news\/un-vent-de-fraicheur-souffle-sur-lidentite-visuelle-de-lagence-et-de-notre-site-web","url":"https:\/\/www.mediamix.ch\/latest-news\/un-vent-de-fraicheur-souffle-sur-lidentite-visuelle-de-lagence-et-de-notre-site-web","name":"A breath of fresh air is blowing over the agency's visual identity and our website - Mediamix","isPartOf":{"@id":"https:\/\/www.mediamix.ch\/#website"},"primaryImageOfPage":{"@id":"https:\/\/www.mediamix.ch\/latest-news\/un-vent-de-fraicheur-souffle-sur-lidentite-visuelle-de-lagence-et-de-notre-site-web#primaryimage"},"image":{"@id":"https:\/\/www.mediamix.ch\/latest-news\/un-vent-de-fraicheur-souffle-sur-lidentite-visuelle-de-lagence-et-de-notre-site-web#primaryimage"},"thumbnailUrl":"https:\/\/www.mediamix.ch\/wp-content\/uploads\/2023\/06\/post_2.png","datePublished":"2023-06-14T05:51:21+00:00","dateModified":"2023-08-18T13:47:05+00:00","description":"Our friends at Cavalcade Agency have cooked up a new visual identity for us, with a fresh new logo, vibrant new colours and a slogan that captures us perfectly: International Media Experts","breadcrumb":{"@id":"https:\/\/www.mediamix.ch\/latest-news\/un-vent-de-fraicheur-souffle-sur-lidentite-visuelle-de-lagence-et-de-notre-site-web#breadcrumb"},"inLanguage":"en-US","potentialAction":[{"@type":"ReadAction","target":["https:\/\/www.mediamix.ch\/latest-news\/un-vent-de-fraicheur-souffle-sur-lidentite-visuelle-de-lagence-et-de-notre-site-web"]}]},{"@type":"ImageObject","inLanguage":"en-US","@id":"https:\/\/www.mediamix.ch\/latest-news\/un-vent-de-fraicheur-souffle-sur-lidentite-visuelle-de-lagence-et-de-notre-site-web#primaryimage","url":"https:\/\/www.mediamix.ch\/wp-content\/uploads\/2023\/06\/post_2.png","contentUrl":"https:\/\/www.mediamix.ch\/wp-content\/uploads\/2023\/06\/post_2.png","width":3000,"height":2000},{"@type":"BreadcrumbList","@id":"https:\/\/www.mediamix.ch\/latest-news\/un-vent-de-fraicheur-souffle-sur-lidentite-visuelle-de-lagence-et-de-notre-site-web#breadcrumb","itemListElement":[{"@type":"ListItem","position":1,"name":"Accueil","item":"https:\/\/www.mediamix.ch\/"},{"@type":"ListItem","position":2,"name":"Un vent de fra\u00eecheur souffle sur l\u2019identit\u00e9 visuelle de l\u2019agence et de notre site web"}]},{"@type":"WebSite","@id":"https:\/\/www.mediamix.ch\/#website","url":"https:\/\/www.mediamix.ch\/","name":"Mediamix","description":"International media experts","publisher":{"@id":"https:\/\/www.mediamix.ch\/#organization"},"potentialAction":[{"@type":"SearchAction","target":{"@type":"EntryPoint","urlTemplate":"https:\/\/www.mediamix.ch\/?s={search_term_string}"},"query-input":{"@type":"PropertyValueSpecification","valueRequired":true,"valueName":"search_term_string"}}],"inLanguage":"en-US"},{"@type":"Organization","@id":"https:\/\/www.mediamix.ch\/#organization","name":"Mediamix","url":"https:\/\/www.mediamix.ch\/","logo":{"@type":"ImageObject","inLanguage":"en-US","@id":"https:\/\/www.mediamix.ch\/#\/schema\/logo\/image\/","url":"https:\/\/www.mediamix.ch\/wp-content\/uploads\/2023\/02\/Logo-blanc.png","contentUrl":"https:\/\/www.mediamix.ch\/wp-content\/uploads\/2023\/02\/Logo-blanc.png","width":215,"height":52,"caption":"Mediamix"},"image":{"@id":"https:\/\/www.mediamix.ch\/#\/schema\/logo\/image\/"},"sameAs":["https:\/\/www.facebook.com\/mediamixsa\/","https:\/\/x.com\/MediamixSa","https:\/\/www.linkedin.com\/company\/mediamix-sa\/","https:\/\/www.youtube.com\/channel\/UCcoZdvsRrE0zpAQGkpCbh-A","https:\/\/www.instagram.com\/mediamixsa\/","https:\/\/www.pinterest.fr\/MediamixSA\/"]},{"@type":"Person","@id":"https:\/\/www.mediamix.ch\/#\/schema\/person\/16153f45d827095d8b997a29b2f6ca65","name":"Elio Brandolini","url":"https:\/\/www.mediamix.ch\/en\/author\/elio"}]}},"_links":{"self":[{"href":"https:\/\/www.mediamix.ch\/en\/wp-json\/wp\/v2\/posts\/10216","targetHints":{"allow":["GET"]}}],"collection":[{"href":"https:\/\/www.mediamix.ch\/en\/wp-json\/wp\/v2\/posts"}],"about":[{"href":"https:\/\/www.mediamix.ch\/en\/wp-json\/wp\/v2\/types\/post"}],"author":[{"embeddable":true,"href":"https:\/\/www.mediamix.ch\/en\/wp-json\/wp\/v2\/users\/7"}],"replies":[{"embeddable":true,"href":"https:\/\/www.mediamix.ch\/en\/wp-json\/wp\/v2\/comments?post=10216"}],"version-history":[{"count":5,"href":"https:\/\/www.mediamix.ch\/en\/wp-json\/wp\/v2\/posts\/10216\/revisions"}],"predecessor-version":[{"id":11184,"href":"https:\/\/www.mediamix.ch\/en\/wp-json\/wp\/v2\/posts\/10216\/revisions\/11184"}],"wp:featuredmedia":[{"embeddable":true,"href":"https:\/\/www.mediamix.ch\/en\/wp-json\/wp\/v2\/media\/10217"}],"wp:attachment":[{"href":"https:\/\/www.mediamix.ch\/en\/wp-json\/wp\/v2\/media?parent=10216"}],"wp:term":[{"taxonomy":"category","embeddable":true,"href":"https:\/\/www.mediamix.ch\/en\/wp-json\/wp\/v2\/categories?post=10216"},{"taxonomy":"post_tag","embeddable":true,"href":"https:\/\/www.mediamix.ch\/en\/wp-json\/wp\/v2\/tags?post=10216"}],"curies":[{"name":"wp","href":"https:\/\/api.w.org\/{rel}","templated":true}]}}