{"id":4604,"date":"2020-09-11T09:48:46","date_gmt":"2020-09-11T09:48:46","guid":{"rendered":"http:\/\/www.mediamix.ch\/?p=359"},"modified":"2023-06-14T08:56:34","modified_gmt":"2023-06-14T06:56:34","slug":"interview-ks-cs-rencontre-dhenri-tripet-en","status":"publish","type":"post","link":"https:\/\/www.mediamix.ch\/en\/latest-news\/interview-ks-cs-rencontre-dhenri-tripet","title":{"rendered":"Interview KS\/CS - Meeting with Henri Tripet"},"content":{"rendered":"<div data-elementor-type=\"wp-post\" data-elementor-id=\"4604\" class=\"elementor elementor-4604\" data-elementor-post-type=\"post\">\n\t\t\t\t\t\t<section class=\"elementor-section elementor-top-section elementor-element elementor-element-5692faee elementor-section-boxed elementor-section-height-default elementor-section-height-default\" data-id=\"5692faee\" data-element_type=\"section\" data-e-type=\"section\" data-settings=\"{&quot;jet_parallax_layout_list&quot;:[]}\">\n\t\t\t\t\t\t<div class=\"elementor-container elementor-column-gap-default\">\n\t\t\t\t\t<div class=\"elementor-column elementor-col-100 elementor-top-column elementor-element elementor-element-4ba26a5c\" data-id=\"4ba26a5c\" data-element_type=\"column\" data-e-type=\"column\">\n\t\t\t<div class=\"elementor-widget-wrap elementor-element-populated\">\n\t\t\t\t\t\t<div class=\"elementor-element elementor-element-7e60fee3 elementor-widget elementor-widget-text-editor\" data-id=\"7e60fee3\" data-element_type=\"widget\" data-e-type=\"widget\" data-widget_type=\"text-editor.default\">\n\t\t\t\t<div class=\"elementor-widget-container\">\n\t\t\t\t\t\t\t\t\t<p>The KS\/CS Communication umbrella association asked Patrick Zanello to interview communications professionals in French-speaking Switzerland. Cominmag is taking advantage of the Ascension Bridge to publish them on its platform, thus completing the approach launched with its Cominmag Live interviews with communications agencies in French-speaking Switzerland at the time of Covid-19.<\/p><p><strong>We're now in the 4th week of semi-confinement, how are you doing at Mediamix?<\/strong><\/p><p>Thanks for checking in! So far, everyone is doing well (fingers crossed).Telecommuting has been in place since March 10. As everyone has a laptop with vpn, the transition was simple and immediate. We've set up a WhatsApp group to encourage exchanges and pass on information more quickly. And like everyone else, we use video-conferencing for our meetings. In a nutshell, we're on a roll.<\/p><p><strong>How can you be \"useful\" to your customers when you run an agency?<\/strong><\/p><p>In the circumstances we live in, our customers naturally have special demands. For our part, we have to be as flexible as possible, but as agility is in our DNA as an independent agency, we guarantee 100% service with an adapted system. The close relationship we have with most of our customers is a major asset that is now revealing its full value.<\/p><p><strong>Talking a little about business, what are your big challenges ahead?<\/strong><\/p><p>As long as everyone believes that the second half of the year will at least partially offset the first, we remain optimistic. Some of our customers have already (re)launched their activities in China, through our partnership with the Hylink agency. This is excellent news. Others are asking us to prepare the ground for the long-awaited second half of the year.<br \/>The challenge will be either to respond to increased and concentrated demand, or to cope with a full year of crisis. Either way, it's going to be hot. Challenges motivate us, but uncertainties have never been greater. Let's face it.<\/p><p><strong>In this special period, what book, series or song would you recommend to CS members?<\/strong><\/p><p>A book: \"Le journal intime d'un arbre\" by Didier van Cauwelaert<\/p><p>A series: \"Mars\" (Netflix)<\/p><p>A song: \"Solsbury Hill\" by Peter Gabriel<\/p>\t\t\t\t\t\t\t\t<\/div>\n\t\t\t\t<\/div>\n\t\t\t\t\t<\/div>\n\t\t<\/div>\n\t\t\t\t\t<\/div>\n\t\t<\/section>\n\t\t\t\t<\/div>","protected":false},"excerpt":{"rendered":"<p>L\u2019Association fa\u00eeti\u00e8re KS\/CS Communication a demand\u00e9 \u00e0 Patrick Zanello d\u2019interviewer des professionnels de la communication romande. Cominmag profite de ce pont de l\u2019Ascension pour les publier sur sa plateforme afin de compl\u00e9ter la d\u00e9marche lanc\u00e9e avec ses Cominmag Live aupr\u00e8s des agences de communication romande au temps du Covid-19. Nous sommes maintenant dans la 4e [&hellip;]<\/p>\n","protected":false},"author":2,"featured_media":8183,"comment_status":"closed","ping_status":"closed","sticky":false,"template":"","format":"standard","meta":{"mc4wp_mailchimp_campaign":[],"footnotes":""},"categories":[14],"tags":[],"class_list":["post-4604","post","type-post","status-publish","format-standard","has-post-thumbnail","hentry","category-latest-news"],"yoast_head":"<!-- This site is optimized with the Yoast SEO Premium plugin v27.3 (Yoast SEO v27.3) - https:\/\/yoast.com\/product\/yoast-seo-premium-wordpress\/ -->\n<title>Interview KS\/CS \u2013 Rencontre avec Henri Tripet - Mediamix<\/title>\n<meta name=\"description\" content=\"L\u2019Association fa\u00eeti\u00e8re KS\/CS Communication a demand\u00e9 \u00e0 Patrick Zanello d\u2019interviewer des professionnels de la communication romande. Cominmag profite de ce pont de l\u2019Ascension pour les publier sur sa plateforme afin de compl\u00e9ter la d\u00e9marche lanc\u00e9e avec ses Cominmag Live aupr\u00e8s des agences de communication romande au temps du Covid-19.\" \/>\n<meta name=\"robots\" content=\"index, follow, max-snippet:-1, max-image-preview:large, max-video-preview:-1\" \/>\n<link rel=\"canonical\" href=\"https:\/\/www.mediamix.ch\/en\/latest-news\/interview-ks-cs-rencontre-dhenri-tripet-en\/\" \/>\n<meta property=\"og:locale\" content=\"en_US\" \/>\n<meta property=\"og:type\" content=\"article\" \/>\n<meta property=\"og:title\" content=\"Interview KS\/CS \u2013 Rencontre avec Henri Tripet\" \/>\n<meta property=\"og:description\" content=\"L\u2019Association fa\u00eeti\u00e8re KS\/CS Communication a demand\u00e9 \u00e0 Patrick Zanello d\u2019interviewer des professionnels de la communication romande. Cominmag profite de ce pont de l\u2019Ascension pour les publier sur sa plateforme afin de compl\u00e9ter la d\u00e9marche lanc\u00e9e avec ses Cominmag Live aupr\u00e8s des agences de communication romande au temps du Covid-19.\" \/>\n<meta property=\"og:url\" content=\"https:\/\/www.mediamix.ch\/en\/latest-news\/interview-ks-cs-rencontre-dhenri-tripet-en\/\" \/>\n<meta property=\"og:site_name\" content=\"Mediamix\" \/>\n<meta property=\"article:publisher\" content=\"https:\/\/www.facebook.com\/mediamixsa\/\" \/>\n<meta property=\"article:published_time\" content=\"2020-09-11T09:48:46+00:00\" \/>\n<meta property=\"article:modified_time\" content=\"2023-06-14T06:56:34+00:00\" \/>\n<meta property=\"og:image\" content=\"https:\/\/www.mediamix.ch\/wp-content\/uploads\/2020\/09\/henri-1.jpg\" \/>\n\t<meta property=\"og:image:width\" content=\"500\" \/>\n\t<meta property=\"og:image:height\" content=\"300\" \/>\n\t<meta property=\"og:image:type\" content=\"image\/jpeg\" \/>\n<meta name=\"author\" content=\"Admin ETASKS\" \/>\n<meta name=\"twitter:card\" content=\"summary_large_image\" \/>\n<meta name=\"twitter:creator\" content=\"@MediamixSa\" \/>\n<meta name=\"twitter:site\" content=\"@MediamixSa\" \/>\n<meta name=\"twitter:label1\" content=\"Written by\" \/>\n\t<meta name=\"twitter:data1\" content=\"Admin ETASKS\" \/>\n\t<meta name=\"twitter:label2\" content=\"Est. reading time\" \/>\n\t<meta name=\"twitter:data2\" content=\"2 minutes\" \/>\n<script type=\"application\/ld+json\" class=\"yoast-schema-graph\">{\"@context\":\"https:\\\/\\\/schema.org\",\"@graph\":[{\"@type\":\"Article\",\"@id\":\"https:\\\/\\\/www.mediamix.ch\\\/latest-news\\\/interview-ks-cs-rencontre-dhenri-tripet#article\",\"isPartOf\":{\"@id\":\"https:\\\/\\\/www.mediamix.ch\\\/latest-news\\\/interview-ks-cs-rencontre-dhenri-tripet\"},\"author\":{\"name\":\"Admin ETASKS\",\"@id\":\"https:\\\/\\\/www.mediamix.ch\\\/#\\\/schema\\\/person\\\/6fce6eb64a8dfbad70aeaed238e45884\"},\"headline\":\"Interview KS\\\/CS \u2013 Rencontre avec Henri Tripet\",\"datePublished\":\"2020-09-11T09:48:46+00:00\",\"dateModified\":\"2023-06-14T06:56:34+00:00\",\"mainEntityOfPage\":{\"@id\":\"https:\\\/\\\/www.mediamix.ch\\\/latest-news\\\/interview-ks-cs-rencontre-dhenri-tripet\"},\"wordCount\":416,\"publisher\":{\"@id\":\"https:\\\/\\\/www.mediamix.ch\\\/#organization\"},\"image\":{\"@id\":\"https:\\\/\\\/www.mediamix.ch\\\/latest-news\\\/interview-ks-cs-rencontre-dhenri-tripet#primaryimage\"},\"thumbnailUrl\":\"https:\\\/\\\/www.mediamix.ch\\\/wp-content\\\/uploads\\\/2020\\\/09\\\/henri-1.jpg\",\"articleSection\":[\"News\"],\"inLanguage\":\"en-US\"},{\"@type\":\"WebPage\",\"@id\":\"https:\\\/\\\/www.mediamix.ch\\\/latest-news\\\/interview-ks-cs-rencontre-dhenri-tripet\",\"url\":\"https:\\\/\\\/www.mediamix.ch\\\/latest-news\\\/interview-ks-cs-rencontre-dhenri-tripet\",\"name\":\"Interview KS\\\/CS \u2013 Rencontre avec Henri Tripet - Mediamix\",\"isPartOf\":{\"@id\":\"https:\\\/\\\/www.mediamix.ch\\\/#website\"},\"primaryImageOfPage\":{\"@id\":\"https:\\\/\\\/www.mediamix.ch\\\/latest-news\\\/interview-ks-cs-rencontre-dhenri-tripet#primaryimage\"},\"image\":{\"@id\":\"https:\\\/\\\/www.mediamix.ch\\\/latest-news\\\/interview-ks-cs-rencontre-dhenri-tripet#primaryimage\"},\"thumbnailUrl\":\"https:\\\/\\\/www.mediamix.ch\\\/wp-content\\\/uploads\\\/2020\\\/09\\\/henri-1.jpg\",\"datePublished\":\"2020-09-11T09:48:46+00:00\",\"dateModified\":\"2023-06-14T06:56:34+00:00\",\"description\":\"L\u2019Association fa\u00eeti\u00e8re KS\\\/CS Communication a demand\u00e9 \u00e0 Patrick Zanello d\u2019interviewer des professionnels de la communication romande. Cominmag profite de ce pont de l\u2019Ascension pour les publier sur sa plateforme afin de compl\u00e9ter la d\u00e9marche lanc\u00e9e avec ses Cominmag Live aupr\u00e8s des agences de communication romande au temps du Covid-19.\",\"breadcrumb\":{\"@id\":\"https:\\\/\\\/www.mediamix.ch\\\/latest-news\\\/interview-ks-cs-rencontre-dhenri-tripet#breadcrumb\"},\"inLanguage\":\"en-US\",\"potentialAction\":[{\"@type\":\"ReadAction\",\"target\":[\"https:\\\/\\\/www.mediamix.ch\\\/latest-news\\\/interview-ks-cs-rencontre-dhenri-tripet\"]}]},{\"@type\":\"ImageObject\",\"inLanguage\":\"en-US\",\"@id\":\"https:\\\/\\\/www.mediamix.ch\\\/latest-news\\\/interview-ks-cs-rencontre-dhenri-tripet#primaryimage\",\"url\":\"https:\\\/\\\/www.mediamix.ch\\\/wp-content\\\/uploads\\\/2020\\\/09\\\/henri-1.jpg\",\"contentUrl\":\"https:\\\/\\\/www.mediamix.ch\\\/wp-content\\\/uploads\\\/2020\\\/09\\\/henri-1.jpg\",\"width\":500,\"height\":300},{\"@type\":\"BreadcrumbList\",\"@id\":\"https:\\\/\\\/www.mediamix.ch\\\/latest-news\\\/interview-ks-cs-rencontre-dhenri-tripet#breadcrumb\",\"itemListElement\":[{\"@type\":\"ListItem\",\"position\":1,\"name\":\"Accueil\",\"item\":\"https:\\\/\\\/www.mediamix.ch\\\/\"},{\"@type\":\"ListItem\",\"position\":2,\"name\":\"Interview KS\\\/CS \u2013 Rencontre avec Henri Tripet\"}]},{\"@type\":\"WebSite\",\"@id\":\"https:\\\/\\\/www.mediamix.ch\\\/#website\",\"url\":\"https:\\\/\\\/www.mediamix.ch\\\/\",\"name\":\"Mediamix\",\"description\":\"International media experts\",\"publisher\":{\"@id\":\"https:\\\/\\\/www.mediamix.ch\\\/#organization\"},\"potentialAction\":[{\"@type\":\"SearchAction\",\"target\":{\"@type\":\"EntryPoint\",\"urlTemplate\":\"https:\\\/\\\/www.mediamix.ch\\\/?s={search_term_string}\"},\"query-input\":{\"@type\":\"PropertyValueSpecification\",\"valueRequired\":true,\"valueName\":\"search_term_string\"}}],\"inLanguage\":\"en-US\"},{\"@type\":\"Organization\",\"@id\":\"https:\\\/\\\/www.mediamix.ch\\\/#organization\",\"name\":\"Mediamix\",\"url\":\"https:\\\/\\\/www.mediamix.ch\\\/\",\"logo\":{\"@type\":\"ImageObject\",\"inLanguage\":\"en-US\",\"@id\":\"https:\\\/\\\/www.mediamix.ch\\\/#\\\/schema\\\/logo\\\/image\\\/\",\"url\":\"https:\\\/\\\/www.mediamix.ch\\\/wp-content\\\/uploads\\\/2023\\\/02\\\/Logo-blanc.png\",\"contentUrl\":\"https:\\\/\\\/www.mediamix.ch\\\/wp-content\\\/uploads\\\/2023\\\/02\\\/Logo-blanc.png\",\"width\":215,\"height\":52,\"caption\":\"Mediamix\"},\"image\":{\"@id\":\"https:\\\/\\\/www.mediamix.ch\\\/#\\\/schema\\\/logo\\\/image\\\/\"},\"sameAs\":[\"https:\\\/\\\/www.facebook.com\\\/mediamixsa\\\/\",\"https:\\\/\\\/x.com\\\/MediamixSa\",\"https:\\\/\\\/www.linkedin.com\\\/company\\\/mediamix-sa\\\/\",\"https:\\\/\\\/www.youtube.com\\\/channel\\\/UCcoZdvsRrE0zpAQGkpCbh-A\",\"https:\\\/\\\/www.instagram.com\\\/mediamixsa\\\/\",\"https:\\\/\\\/www.pinterest.fr\\\/MediamixSA\\\/\"]},{\"@type\":\"Person\",\"@id\":\"https:\\\/\\\/www.mediamix.ch\\\/#\\\/schema\\\/person\\\/6fce6eb64a8dfbad70aeaed238e45884\",\"name\":\"Admin ETASKS\",\"url\":\"https:\\\/\\\/www.mediamix.ch\\\/en\\\/author\\\/admin_etasks\"}]}<\/script>\n<!-- \/ Yoast SEO Premium plugin. -->","yoast_head_json":{"title":"Interview KS\/CS - Meeting with Henri Tripet - Mediamix","description":"The KS\/CS Communication umbrella association asked Patrick Zanello to interview communications professionals in French-speaking Switzerland. Cominmag is taking advantage of the Ascension Bridge to publish them on its platform, thus completing the approach launched with its Cominmag Live interviews with communications agencies in French-speaking Switzerland at the time of Covid-19.","robots":{"index":"index","follow":"follow","max-snippet":"max-snippet:-1","max-image-preview":"max-image-preview:large","max-video-preview":"max-video-preview:-1"},"canonical":"https:\/\/www.mediamix.ch\/en\/latest-news\/interview-ks-cs-rencontre-dhenri-tripet-en\/","og_locale":"en_US","og_type":"article","og_title":"Interview KS\/CS \u2013 Rencontre avec Henri Tripet","og_description":"L\u2019Association fa\u00eeti\u00e8re KS\/CS Communication a demand\u00e9 \u00e0 Patrick Zanello d\u2019interviewer des professionnels de la communication romande. Cominmag profite de ce pont de l\u2019Ascension pour les publier sur sa plateforme afin de compl\u00e9ter la d\u00e9marche lanc\u00e9e avec ses Cominmag Live aupr\u00e8s des agences de communication romande au temps du Covid-19.","og_url":"https:\/\/www.mediamix.ch\/en\/latest-news\/interview-ks-cs-rencontre-dhenri-tripet-en\/","og_site_name":"Mediamix","article_publisher":"https:\/\/www.facebook.com\/mediamixsa\/","article_published_time":"2020-09-11T09:48:46+00:00","article_modified_time":"2023-06-14T06:56:34+00:00","og_image":[{"width":500,"height":300,"url":"https:\/\/www.mediamix.ch\/wp-content\/uploads\/2020\/09\/henri-1.jpg","type":"image\/jpeg"}],"author":"Admin ETASKS","twitter_card":"summary_large_image","twitter_creator":"@MediamixSa","twitter_site":"@MediamixSa","twitter_misc":{"Written by":"Admin ETASKS","Est. reading time":"2 minutes"},"schema":{"@context":"https:\/\/schema.org","@graph":[{"@type":"Article","@id":"https:\/\/www.mediamix.ch\/latest-news\/interview-ks-cs-rencontre-dhenri-tripet#article","isPartOf":{"@id":"https:\/\/www.mediamix.ch\/latest-news\/interview-ks-cs-rencontre-dhenri-tripet"},"author":{"name":"Admin ETASKS","@id":"https:\/\/www.mediamix.ch\/#\/schema\/person\/6fce6eb64a8dfbad70aeaed238e45884"},"headline":"Interview KS\/CS \u2013 Rencontre avec Henri Tripet","datePublished":"2020-09-11T09:48:46+00:00","dateModified":"2023-06-14T06:56:34+00:00","mainEntityOfPage":{"@id":"https:\/\/www.mediamix.ch\/latest-news\/interview-ks-cs-rencontre-dhenri-tripet"},"wordCount":416,"publisher":{"@id":"https:\/\/www.mediamix.ch\/#organization"},"image":{"@id":"https:\/\/www.mediamix.ch\/latest-news\/interview-ks-cs-rencontre-dhenri-tripet#primaryimage"},"thumbnailUrl":"https:\/\/www.mediamix.ch\/wp-content\/uploads\/2020\/09\/henri-1.jpg","articleSection":["News"],"inLanguage":"en-US"},{"@type":"WebPage","@id":"https:\/\/www.mediamix.ch\/latest-news\/interview-ks-cs-rencontre-dhenri-tripet","url":"https:\/\/www.mediamix.ch\/latest-news\/interview-ks-cs-rencontre-dhenri-tripet","name":"Interview KS\/CS - Meeting with Henri Tripet - Mediamix","isPartOf":{"@id":"https:\/\/www.mediamix.ch\/#website"},"primaryImageOfPage":{"@id":"https:\/\/www.mediamix.ch\/latest-news\/interview-ks-cs-rencontre-dhenri-tripet#primaryimage"},"image":{"@id":"https:\/\/www.mediamix.ch\/latest-news\/interview-ks-cs-rencontre-dhenri-tripet#primaryimage"},"thumbnailUrl":"https:\/\/www.mediamix.ch\/wp-content\/uploads\/2020\/09\/henri-1.jpg","datePublished":"2020-09-11T09:48:46+00:00","dateModified":"2023-06-14T06:56:34+00:00","description":"The KS\/CS Communication umbrella association asked Patrick Zanello to interview communications professionals in French-speaking Switzerland. Cominmag is taking advantage of the Ascension Bridge to publish them on its platform, thus completing the approach launched with its Cominmag Live interviews with communications agencies in French-speaking Switzerland at the time of Covid-19.","breadcrumb":{"@id":"https:\/\/www.mediamix.ch\/latest-news\/interview-ks-cs-rencontre-dhenri-tripet#breadcrumb"},"inLanguage":"en-US","potentialAction":[{"@type":"ReadAction","target":["https:\/\/www.mediamix.ch\/latest-news\/interview-ks-cs-rencontre-dhenri-tripet"]}]},{"@type":"ImageObject","inLanguage":"en-US","@id":"https:\/\/www.mediamix.ch\/latest-news\/interview-ks-cs-rencontre-dhenri-tripet#primaryimage","url":"https:\/\/www.mediamix.ch\/wp-content\/uploads\/2020\/09\/henri-1.jpg","contentUrl":"https:\/\/www.mediamix.ch\/wp-content\/uploads\/2020\/09\/henri-1.jpg","width":500,"height":300},{"@type":"BreadcrumbList","@id":"https:\/\/www.mediamix.ch\/latest-news\/interview-ks-cs-rencontre-dhenri-tripet#breadcrumb","itemListElement":[{"@type":"ListItem","position":1,"name":"Accueil","item":"https:\/\/www.mediamix.ch\/"},{"@type":"ListItem","position":2,"name":"Interview KS\/CS \u2013 Rencontre avec Henri Tripet"}]},{"@type":"WebSite","@id":"https:\/\/www.mediamix.ch\/#website","url":"https:\/\/www.mediamix.ch\/","name":"Mediamix","description":"International media experts","publisher":{"@id":"https:\/\/www.mediamix.ch\/#organization"},"potentialAction":[{"@type":"SearchAction","target":{"@type":"EntryPoint","urlTemplate":"https:\/\/www.mediamix.ch\/?s={search_term_string}"},"query-input":{"@type":"PropertyValueSpecification","valueRequired":true,"valueName":"search_term_string"}}],"inLanguage":"en-US"},{"@type":"Organization","@id":"https:\/\/www.mediamix.ch\/#organization","name":"Mediamix","url":"https:\/\/www.mediamix.ch\/","logo":{"@type":"ImageObject","inLanguage":"en-US","@id":"https:\/\/www.mediamix.ch\/#\/schema\/logo\/image\/","url":"https:\/\/www.mediamix.ch\/wp-content\/uploads\/2023\/02\/Logo-blanc.png","contentUrl":"https:\/\/www.mediamix.ch\/wp-content\/uploads\/2023\/02\/Logo-blanc.png","width":215,"height":52,"caption":"Mediamix"},"image":{"@id":"https:\/\/www.mediamix.ch\/#\/schema\/logo\/image\/"},"sameAs":["https:\/\/www.facebook.com\/mediamixsa\/","https:\/\/x.com\/MediamixSa","https:\/\/www.linkedin.com\/company\/mediamix-sa\/","https:\/\/www.youtube.com\/channel\/UCcoZdvsRrE0zpAQGkpCbh-A","https:\/\/www.instagram.com\/mediamixsa\/","https:\/\/www.pinterest.fr\/MediamixSA\/"]},{"@type":"Person","@id":"https:\/\/www.mediamix.ch\/#\/schema\/person\/6fce6eb64a8dfbad70aeaed238e45884","name":"Admin ETASKS","url":"https:\/\/www.mediamix.ch\/en\/author\/admin_etasks"}]}},"_links":{"self":[{"href":"https:\/\/www.mediamix.ch\/en\/wp-json\/wp\/v2\/posts\/4604","targetHints":{"allow":["GET"]}}],"collection":[{"href":"https:\/\/www.mediamix.ch\/en\/wp-json\/wp\/v2\/posts"}],"about":[{"href":"https:\/\/www.mediamix.ch\/en\/wp-json\/wp\/v2\/types\/post"}],"author":[{"embeddable":true,"href":"https:\/\/www.mediamix.ch\/en\/wp-json\/wp\/v2\/users\/2"}],"replies":[{"embeddable":true,"href":"https:\/\/www.mediamix.ch\/en\/wp-json\/wp\/v2\/comments?post=4604"}],"version-history":[{"count":4,"href":"https:\/\/www.mediamix.ch\/en\/wp-json\/wp\/v2\/posts\/4604\/revisions"}],"predecessor-version":[{"id":10729,"href":"https:\/\/www.mediamix.ch\/en\/wp-json\/wp\/v2\/posts\/4604\/revisions\/10729"}],"wp:featuredmedia":[{"embeddable":true,"href":"https:\/\/www.mediamix.ch\/en\/wp-json\/wp\/v2\/media\/8183"}],"wp:attachment":[{"href":"https:\/\/www.mediamix.ch\/en\/wp-json\/wp\/v2\/media?parent=4604"}],"wp:term":[{"taxonomy":"category","embeddable":true,"href":"https:\/\/www.mediamix.ch\/en\/wp-json\/wp\/v2\/categories?post=4604"},{"taxonomy":"post_tag","embeddable":true,"href":"https:\/\/www.mediamix.ch\/en\/wp-json\/wp\/v2\/tags?post=4604"}],"curies":[{"name":"wp","href":"https:\/\/api.w.org\/{rel}","templated":true}]}}