{"id":4650,"date":"2021-10-01T06:06:37","date_gmt":"2021-10-01T07:06:37","guid":{"rendered":"https:\/\/www.mediamix.ch\/?p=3056"},"modified":"2023-06-09T11:12:28","modified_gmt":"2023-06-09T09:12:28","slug":"the-mediamix-digital-team-is-growing","status":"publish","type":"post","link":"https:\/\/www.mediamix.ch\/en\/latest-news\/equipe-digitale-mediamix-se-renforce","title":{"rendered":"The Mediamix digital team is growing"},"content":{"rendered":"<div data-elementor-type=\"wp-post\" data-elementor-id=\"4650\" class=\"elementor elementor-4650\" data-elementor-post-type=\"post\">\n\t\t\t\t\t\t<section class=\"elementor-section elementor-top-section elementor-element elementor-element-ec91254 elementor-section-boxed elementor-section-height-default elementor-section-height-default\" data-id=\"ec91254\" data-element_type=\"section\" data-e-type=\"section\" data-settings=\"{&quot;jet_parallax_layout_list&quot;:[]}\">\n\t\t\t\t\t\t<div class=\"elementor-container elementor-column-gap-default\">\n\t\t\t\t\t<div class=\"elementor-column elementor-col-100 elementor-top-column elementor-element elementor-element-514959b\" data-id=\"514959b\" data-element_type=\"column\" data-e-type=\"column\">\n\t\t\t<div class=\"elementor-widget-wrap elementor-element-populated\">\n\t\t\t\t\t\t<div class=\"elementor-element elementor-element-16c2595 elementor-widget elementor-widget-text-editor\" data-id=\"16c2595\" data-element_type=\"widget\" data-e-type=\"widget\" data-widget_type=\"text-editor.default\">\n\t\t\t\t<div class=\"elementor-widget-container\">\n\t\t\t\t\t\t\t\t\t<p>With Carine Kempf\u2019s arrival on September 1st, Mediamix increases its capacities in the management of international digital campaigns.<\/p><p>Digital Planner, SEO\/SEA specialist and Google expert, Carine\u2019s mission is to develop new strategies and to proactively optimise them on a daily basis, while staying on top of the latest web marketing evolutions. Mediamix clients will thus benefit from increased resources for the planning and management of their Google Ads campaigns (Search, Videos, Display):<\/p><p>\u2013 SEO: organic search optimisation, technical audit, semantic audit;<br \/>\u2013 SEA: campaign planning\/management, traffic optimisation, implementation of conversion codes through funnel marketing;<br \/>\u2013 Planning and management of Google Ads, GDN, YouTube campaigns.<\/p><p>Exploiting with brio all the resources offered by Google Analytics, Google Tag Manager and Google Data Studio, Carine Kempf will contribute to the configuration and development of dynamic and personalised dashboards.<\/p><p>With a Master\u2019s degree in Communication Management, Audiovisual and Digital Media, a Google Ads certification and a Google Analytics Individual Qualification as well as more than 13 years of experience in web agencies and the industry, Carine has a real passion for the Google universe. She is delighted to join the Mediamix team: \u00ab Working in an agency is a real source of inspiration for me. Each client has their own problems and needs. Each time, you need to adapt, to renew yourself and to propose the best possible strategy. \u00bb <em>\u00ab\u00a0Le travail en agence est pour moi une v\u00e9ritable source d\u2019inspiration. Chaque client a sa propre probl\u00e9matique et ses propres besoins. Il faut \u00e0 chaque fois savoir s\u2019adapter, se renouveler et proposer la meilleure strat\u00e9gie.\u00a0\u00bb<\/em><\/p>\t\t\t\t\t\t\t\t<\/div>\n\t\t\t\t<\/div>\n\t\t\t\t\t<\/div>\n\t\t<\/div>\n\t\t\t\t\t<\/div>\n\t\t<\/section>\n\t\t\t\t<\/div>","protected":false},"excerpt":{"rendered":"<p>Avec l&rsquo;arriv\u00e9e au 1er septembre de Carine Kempf au sein de son \u00e9quipe, Mediamix\u00a0accro\u00eet ses capacit\u00e9s &#8230;<\/p>","protected":false},"author":11,"featured_media":8151,"comment_status":"closed","ping_status":"closed","sticky":false,"template":"","format":"standard","meta":{"mc4wp_mailchimp_campaign":[],"footnotes":""},"categories":[14],"tags":[],"class_list":["post-4650","post","type-post","status-publish","format-standard","has-post-thumbnail","hentry","category-latest-news"],"yoast_head":"<!-- This site is optimized with the Yoast SEO Premium plugin v27.3 (Yoast SEO v27.3) - https:\/\/yoast.com\/product\/yoast-seo-premium-wordpress\/ -->\n<title>L&#039;\u00e9quipe digitale Mediamix se renforce - Mediamix<\/title>\n<meta name=\"description\" content=\"Digital Planner, sp\u00e9cialiste SEO, SEA et experte Google, Carine a pour mission de d\u00e9velopper de nouvelles strat\u00e9gies et de les optimiser quotidiennement de mani\u00e8re proactive, tout en restant \u00e0 l&#039;aff\u00fbt des derni\u00e8res avanc\u00e9es du webmarketing.\" \/>\n<meta name=\"robots\" content=\"index, follow, max-snippet:-1, max-image-preview:large, max-video-preview:-1\" \/>\n<link rel=\"canonical\" href=\"https:\/\/www.mediamix.ch\/en\/latest-news\/the-mediamix-digital-team-is-growing\/\" \/>\n<meta property=\"og:locale\" content=\"en_US\" \/>\n<meta property=\"og:type\" content=\"article\" \/>\n<meta property=\"og:title\" content=\"L&#039;\u00e9quipe digitale Mediamix se renforce\" \/>\n<meta property=\"og:description\" content=\"Digital Planner, sp\u00e9cialiste SEO, SEA et experte Google, Carine a pour mission de d\u00e9velopper de nouvelles strat\u00e9gies et de les optimiser quotidiennement de mani\u00e8re proactive, tout en restant \u00e0 l&#039;aff\u00fbt des derni\u00e8res avanc\u00e9es du webmarketing.\" \/>\n<meta property=\"og:url\" content=\"https:\/\/www.mediamix.ch\/en\/latest-news\/the-mediamix-digital-team-is-growing\/\" \/>\n<meta property=\"og:site_name\" content=\"Mediamix\" \/>\n<meta property=\"article:publisher\" content=\"https:\/\/www.facebook.com\/mediamixsa\/\" \/>\n<meta property=\"article:published_time\" content=\"2021-10-01T07:06:37+00:00\" \/>\n<meta property=\"article:modified_time\" content=\"2023-06-09T09:12:28+00:00\" \/>\n<meta property=\"og:image\" content=\"https:\/\/www.mediamix.ch\/wp-content\/uploads\/2021\/10\/actualite-new.jpg\" \/>\n\t<meta property=\"og:image:width\" content=\"500\" \/>\n\t<meta property=\"og:image:height\" content=\"300\" \/>\n\t<meta property=\"og:image:type\" content=\"image\/jpeg\" \/>\n<meta name=\"author\" content=\"Marco Grillet\" \/>\n<meta name=\"twitter:card\" content=\"summary_large_image\" \/>\n<meta name=\"twitter:creator\" content=\"@MediamixSa\" \/>\n<meta name=\"twitter:site\" content=\"@MediamixSa\" \/>\n<meta name=\"twitter:label1\" content=\"Written by\" \/>\n\t<meta name=\"twitter:data1\" content=\"Marco Grillet\" \/>\n\t<meta name=\"twitter:label2\" content=\"Est. reading time\" \/>\n\t<meta name=\"twitter:data2\" content=\"2 minutes\" \/>\n<script type=\"application\/ld+json\" class=\"yoast-schema-graph\">{\"@context\":\"https:\\\/\\\/schema.org\",\"@graph\":[{\"@type\":\"Article\",\"@id\":\"https:\\\/\\\/www.mediamix.ch\\\/latest-news\\\/equipe-digitale-mediamix-se-renforce#article\",\"isPartOf\":{\"@id\":\"https:\\\/\\\/www.mediamix.ch\\\/latest-news\\\/equipe-digitale-mediamix-se-renforce\"},\"author\":{\"name\":\"Marco Grillet\",\"@id\":\"https:\\\/\\\/www.mediamix.ch\\\/#\\\/schema\\\/person\\\/0ca02deea7c011e86c7ca8cdccc94a6b\"},\"headline\":\"L&rsquo;\u00e9quipe digitale Mediamix se renforce\",\"datePublished\":\"2021-10-01T07:06:37+00:00\",\"dateModified\":\"2023-06-09T09:12:28+00:00\",\"mainEntityOfPage\":{\"@id\":\"https:\\\/\\\/www.mediamix.ch\\\/latest-news\\\/equipe-digitale-mediamix-se-renforce\"},\"wordCount\":284,\"publisher\":{\"@id\":\"https:\\\/\\\/www.mediamix.ch\\\/#organization\"},\"image\":{\"@id\":\"https:\\\/\\\/www.mediamix.ch\\\/latest-news\\\/equipe-digitale-mediamix-se-renforce#primaryimage\"},\"thumbnailUrl\":\"https:\\\/\\\/www.mediamix.ch\\\/wp-content\\\/uploads\\\/2021\\\/10\\\/actualite-new.jpg\",\"articleSection\":[\"News\"],\"inLanguage\":\"en-US\"},{\"@type\":\"WebPage\",\"@id\":\"https:\\\/\\\/www.mediamix.ch\\\/latest-news\\\/equipe-digitale-mediamix-se-renforce\",\"url\":\"https:\\\/\\\/www.mediamix.ch\\\/latest-news\\\/equipe-digitale-mediamix-se-renforce\",\"name\":\"L'\u00e9quipe digitale Mediamix se renforce - Mediamix\",\"isPartOf\":{\"@id\":\"https:\\\/\\\/www.mediamix.ch\\\/#website\"},\"primaryImageOfPage\":{\"@id\":\"https:\\\/\\\/www.mediamix.ch\\\/latest-news\\\/equipe-digitale-mediamix-se-renforce#primaryimage\"},\"image\":{\"@id\":\"https:\\\/\\\/www.mediamix.ch\\\/latest-news\\\/equipe-digitale-mediamix-se-renforce#primaryimage\"},\"thumbnailUrl\":\"https:\\\/\\\/www.mediamix.ch\\\/wp-content\\\/uploads\\\/2021\\\/10\\\/actualite-new.jpg\",\"datePublished\":\"2021-10-01T07:06:37+00:00\",\"dateModified\":\"2023-06-09T09:12:28+00:00\",\"description\":\"Digital Planner, sp\u00e9cialiste SEO, SEA et experte Google, Carine a pour mission de d\u00e9velopper de nouvelles strat\u00e9gies et de les optimiser quotidiennement de mani\u00e8re proactive, tout en restant \u00e0 l'aff\u00fbt des derni\u00e8res avanc\u00e9es du webmarketing.\",\"breadcrumb\":{\"@id\":\"https:\\\/\\\/www.mediamix.ch\\\/latest-news\\\/equipe-digitale-mediamix-se-renforce#breadcrumb\"},\"inLanguage\":\"en-US\",\"potentialAction\":[{\"@type\":\"ReadAction\",\"target\":[\"https:\\\/\\\/www.mediamix.ch\\\/latest-news\\\/equipe-digitale-mediamix-se-renforce\"]}]},{\"@type\":\"ImageObject\",\"inLanguage\":\"en-US\",\"@id\":\"https:\\\/\\\/www.mediamix.ch\\\/latest-news\\\/equipe-digitale-mediamix-se-renforce#primaryimage\",\"url\":\"https:\\\/\\\/www.mediamix.ch\\\/wp-content\\\/uploads\\\/2021\\\/10\\\/actualite-new.jpg\",\"contentUrl\":\"https:\\\/\\\/www.mediamix.ch\\\/wp-content\\\/uploads\\\/2021\\\/10\\\/actualite-new.jpg\",\"width\":500,\"height\":300},{\"@type\":\"BreadcrumbList\",\"@id\":\"https:\\\/\\\/www.mediamix.ch\\\/latest-news\\\/equipe-digitale-mediamix-se-renforce#breadcrumb\",\"itemListElement\":[{\"@type\":\"ListItem\",\"position\":1,\"name\":\"Accueil\",\"item\":\"https:\\\/\\\/www.mediamix.ch\\\/\"},{\"@type\":\"ListItem\",\"position\":2,\"name\":\"L&#8217;\u00e9quipe digitale Mediamix se renforce\"}]},{\"@type\":\"WebSite\",\"@id\":\"https:\\\/\\\/www.mediamix.ch\\\/#website\",\"url\":\"https:\\\/\\\/www.mediamix.ch\\\/\",\"name\":\"Mediamix\",\"description\":\"International media experts\",\"publisher\":{\"@id\":\"https:\\\/\\\/www.mediamix.ch\\\/#organization\"},\"potentialAction\":[{\"@type\":\"SearchAction\",\"target\":{\"@type\":\"EntryPoint\",\"urlTemplate\":\"https:\\\/\\\/www.mediamix.ch\\\/?s={search_term_string}\"},\"query-input\":{\"@type\":\"PropertyValueSpecification\",\"valueRequired\":true,\"valueName\":\"search_term_string\"}}],\"inLanguage\":\"en-US\"},{\"@type\":\"Organization\",\"@id\":\"https:\\\/\\\/www.mediamix.ch\\\/#organization\",\"name\":\"Mediamix\",\"url\":\"https:\\\/\\\/www.mediamix.ch\\\/\",\"logo\":{\"@type\":\"ImageObject\",\"inLanguage\":\"en-US\",\"@id\":\"https:\\\/\\\/www.mediamix.ch\\\/#\\\/schema\\\/logo\\\/image\\\/\",\"url\":\"https:\\\/\\\/www.mediamix.ch\\\/wp-content\\\/uploads\\\/2023\\\/02\\\/Logo-blanc.png\",\"contentUrl\":\"https:\\\/\\\/www.mediamix.ch\\\/wp-content\\\/uploads\\\/2023\\\/02\\\/Logo-blanc.png\",\"width\":215,\"height\":52,\"caption\":\"Mediamix\"},\"image\":{\"@id\":\"https:\\\/\\\/www.mediamix.ch\\\/#\\\/schema\\\/logo\\\/image\\\/\"},\"sameAs\":[\"https:\\\/\\\/www.facebook.com\\\/mediamixsa\\\/\",\"https:\\\/\\\/x.com\\\/MediamixSa\",\"https:\\\/\\\/www.linkedin.com\\\/company\\\/mediamix-sa\\\/\",\"https:\\\/\\\/www.youtube.com\\\/channel\\\/UCcoZdvsRrE0zpAQGkpCbh-A\",\"https:\\\/\\\/www.instagram.com\\\/mediamixsa\\\/\",\"https:\\\/\\\/www.pinterest.fr\\\/MediamixSA\\\/\"]},{\"@type\":\"Person\",\"@id\":\"https:\\\/\\\/www.mediamix.ch\\\/#\\\/schema\\\/person\\\/0ca02deea7c011e86c7ca8cdccc94a6b\",\"name\":\"Marco Grillet\",\"url\":\"https:\\\/\\\/www.mediamix.ch\\\/en\\\/author\\\/marco\"}]}<\/script>\n<!-- \/ Yoast SEO Premium plugin. -->","yoast_head_json":{"title":"The Mediamix digital team is growing - Mediamix","description":"Digital Planner, SEO\/SEA specialist and Google expert, Carine\u2019s mission is to develop new strategies and to proactively optimise them on a daily basis, while staying on top of the latest web marketing evolutions. Mediamix clients will thus benefit from increased resources for the planning and management of their Google Ads campaigns (Search, Videos, Display)","robots":{"index":"index","follow":"follow","max-snippet":"max-snippet:-1","max-image-preview":"max-image-preview:large","max-video-preview":"max-video-preview:-1"},"canonical":"https:\/\/www.mediamix.ch\/en\/latest-news\/the-mediamix-digital-team-is-growing\/","og_locale":"en_US","og_type":"article","og_title":"L'\u00e9quipe digitale Mediamix se renforce","og_description":"Digital Planner, sp\u00e9cialiste SEO, SEA et experte Google, Carine a pour mission de d\u00e9velopper de nouvelles strat\u00e9gies et de les optimiser quotidiennement de mani\u00e8re proactive, tout en restant \u00e0 l'aff\u00fbt des derni\u00e8res avanc\u00e9es du webmarketing.","og_url":"https:\/\/www.mediamix.ch\/en\/latest-news\/the-mediamix-digital-team-is-growing\/","og_site_name":"Mediamix","article_publisher":"https:\/\/www.facebook.com\/mediamixsa\/","article_published_time":"2021-10-01T07:06:37+00:00","article_modified_time":"2023-06-09T09:12:28+00:00","og_image":[{"width":500,"height":300,"url":"https:\/\/www.mediamix.ch\/wp-content\/uploads\/2021\/10\/actualite-new.jpg","type":"image\/jpeg"}],"author":"Marco Grillet","twitter_card":"summary_large_image","twitter_creator":"@MediamixSa","twitter_site":"@MediamixSa","twitter_misc":{"Written by":"Marco Grillet","Est. reading time":"2 minutes"},"schema":{"@context":"https:\/\/schema.org","@graph":[{"@type":"Article","@id":"https:\/\/www.mediamix.ch\/latest-news\/equipe-digitale-mediamix-se-renforce#article","isPartOf":{"@id":"https:\/\/www.mediamix.ch\/latest-news\/equipe-digitale-mediamix-se-renforce"},"author":{"name":"Marco Grillet","@id":"https:\/\/www.mediamix.ch\/#\/schema\/person\/0ca02deea7c011e86c7ca8cdccc94a6b"},"headline":"L&rsquo;\u00e9quipe digitale Mediamix se renforce","datePublished":"2021-10-01T07:06:37+00:00","dateModified":"2023-06-09T09:12:28+00:00","mainEntityOfPage":{"@id":"https:\/\/www.mediamix.ch\/latest-news\/equipe-digitale-mediamix-se-renforce"},"wordCount":284,"publisher":{"@id":"https:\/\/www.mediamix.ch\/#organization"},"image":{"@id":"https:\/\/www.mediamix.ch\/latest-news\/equipe-digitale-mediamix-se-renforce#primaryimage"},"thumbnailUrl":"https:\/\/www.mediamix.ch\/wp-content\/uploads\/2021\/10\/actualite-new.jpg","articleSection":["News"],"inLanguage":"en-US"},{"@type":"WebPage","@id":"https:\/\/www.mediamix.ch\/latest-news\/equipe-digitale-mediamix-se-renforce","url":"https:\/\/www.mediamix.ch\/latest-news\/equipe-digitale-mediamix-se-renforce","name":"The Mediamix digital team is growing - Mediamix","isPartOf":{"@id":"https:\/\/www.mediamix.ch\/#website"},"primaryImageOfPage":{"@id":"https:\/\/www.mediamix.ch\/latest-news\/equipe-digitale-mediamix-se-renforce#primaryimage"},"image":{"@id":"https:\/\/www.mediamix.ch\/latest-news\/equipe-digitale-mediamix-se-renforce#primaryimage"},"thumbnailUrl":"https:\/\/www.mediamix.ch\/wp-content\/uploads\/2021\/10\/actualite-new.jpg","datePublished":"2021-10-01T07:06:37+00:00","dateModified":"2023-06-09T09:12:28+00:00","description":"Digital Planner, SEO\/SEA specialist and Google expert, Carine\u2019s mission is to develop new strategies and to proactively optimise them on a daily basis, while staying on top of the latest web marketing evolutions. Mediamix clients will thus benefit from increased resources for the planning and management of their Google Ads campaigns (Search, Videos, Display)","breadcrumb":{"@id":"https:\/\/www.mediamix.ch\/latest-news\/equipe-digitale-mediamix-se-renforce#breadcrumb"},"inLanguage":"en-US","potentialAction":[{"@type":"ReadAction","target":["https:\/\/www.mediamix.ch\/latest-news\/equipe-digitale-mediamix-se-renforce"]}]},{"@type":"ImageObject","inLanguage":"en-US","@id":"https:\/\/www.mediamix.ch\/latest-news\/equipe-digitale-mediamix-se-renforce#primaryimage","url":"https:\/\/www.mediamix.ch\/wp-content\/uploads\/2021\/10\/actualite-new.jpg","contentUrl":"https:\/\/www.mediamix.ch\/wp-content\/uploads\/2021\/10\/actualite-new.jpg","width":500,"height":300},{"@type":"BreadcrumbList","@id":"https:\/\/www.mediamix.ch\/latest-news\/equipe-digitale-mediamix-se-renforce#breadcrumb","itemListElement":[{"@type":"ListItem","position":1,"name":"Accueil","item":"https:\/\/www.mediamix.ch\/"},{"@type":"ListItem","position":2,"name":"L&#8217;\u00e9quipe digitale Mediamix se renforce"}]},{"@type":"WebSite","@id":"https:\/\/www.mediamix.ch\/#website","url":"https:\/\/www.mediamix.ch\/","name":"Mediamix","description":"International media experts","publisher":{"@id":"https:\/\/www.mediamix.ch\/#organization"},"potentialAction":[{"@type":"SearchAction","target":{"@type":"EntryPoint","urlTemplate":"https:\/\/www.mediamix.ch\/?s={search_term_string}"},"query-input":{"@type":"PropertyValueSpecification","valueRequired":true,"valueName":"search_term_string"}}],"inLanguage":"en-US"},{"@type":"Organization","@id":"https:\/\/www.mediamix.ch\/#organization","name":"Mediamix","url":"https:\/\/www.mediamix.ch\/","logo":{"@type":"ImageObject","inLanguage":"en-US","@id":"https:\/\/www.mediamix.ch\/#\/schema\/logo\/image\/","url":"https:\/\/www.mediamix.ch\/wp-content\/uploads\/2023\/02\/Logo-blanc.png","contentUrl":"https:\/\/www.mediamix.ch\/wp-content\/uploads\/2023\/02\/Logo-blanc.png","width":215,"height":52,"caption":"Mediamix"},"image":{"@id":"https:\/\/www.mediamix.ch\/#\/schema\/logo\/image\/"},"sameAs":["https:\/\/www.facebook.com\/mediamixsa\/","https:\/\/x.com\/MediamixSa","https:\/\/www.linkedin.com\/company\/mediamix-sa\/","https:\/\/www.youtube.com\/channel\/UCcoZdvsRrE0zpAQGkpCbh-A","https:\/\/www.instagram.com\/mediamixsa\/","https:\/\/www.pinterest.fr\/MediamixSA\/"]},{"@type":"Person","@id":"https:\/\/www.mediamix.ch\/#\/schema\/person\/0ca02deea7c011e86c7ca8cdccc94a6b","name":"Marco Grillet","url":"https:\/\/www.mediamix.ch\/en\/author\/marco"}]}},"_links":{"self":[{"href":"https:\/\/www.mediamix.ch\/en\/wp-json\/wp\/v2\/posts\/4650","targetHints":{"allow":["GET"]}}],"collection":[{"href":"https:\/\/www.mediamix.ch\/en\/wp-json\/wp\/v2\/posts"}],"about":[{"href":"https:\/\/www.mediamix.ch\/en\/wp-json\/wp\/v2\/types\/post"}],"author":[{"embeddable":true,"href":"https:\/\/www.mediamix.ch\/en\/wp-json\/wp\/v2\/users\/11"}],"replies":[{"embeddable":true,"href":"https:\/\/www.mediamix.ch\/en\/wp-json\/wp\/v2\/comments?post=4650"}],"version-history":[{"count":2,"href":"https:\/\/www.mediamix.ch\/en\/wp-json\/wp\/v2\/posts\/4650\/revisions"}],"predecessor-version":[{"id":9837,"href":"https:\/\/www.mediamix.ch\/en\/wp-json\/wp\/v2\/posts\/4650\/revisions\/9837"}],"wp:featuredmedia":[{"embeddable":true,"href":"https:\/\/www.mediamix.ch\/en\/wp-json\/wp\/v2\/media\/8151"}],"wp:attachment":[{"href":"https:\/\/www.mediamix.ch\/en\/wp-json\/wp\/v2\/media?parent=4650"}],"wp:term":[{"taxonomy":"category","embeddable":true,"href":"https:\/\/www.mediamix.ch\/en\/wp-json\/wp\/v2\/categories?post=4650"},{"taxonomy":"post_tag","embeddable":true,"href":"https:\/\/www.mediamix.ch\/en\/wp-json\/wp\/v2\/tags?post=4650"}],"curies":[{"name":"wp","href":"https:\/\/api.w.org\/{rel}","templated":true}]}}