{"id":4668,"date":"2022-12-13T11:29:35","date_gmt":"2022-12-13T12:29:35","guid":{"rendered":"https:\/\/www.mediamix.ch\/?p=4584"},"modified":"2023-06-05T12:17:48","modified_gmt":"2023-06-05T10:17:48","slug":"the-mediamix-agency-celebrates-its-40th-anniversary","status":"publish","type":"post","link":"https:\/\/www.mediamix.ch\/en\/latest-news\/mediamix-souffle-ses-40-bougies","title":{"rendered":"The Mediamix agency celebrates its 40th anniversary!"},"content":{"rendered":"<div data-elementor-type=\"wp-post\" data-elementor-id=\"4668\" class=\"elementor elementor-4668\" data-elementor-post-type=\"post\">\n\t\t\t\t\t\t<section class=\"elementor-section elementor-top-section elementor-element elementor-element-c0ef0ed elementor-section-boxed elementor-section-height-default elementor-section-height-default\" data-id=\"c0ef0ed\" data-element_type=\"section\" data-e-type=\"section\" data-settings=\"{&quot;jet_parallax_layout_list&quot;:[]}\">\n\t\t\t\t\t\t<div class=\"elementor-container elementor-column-gap-default\">\n\t\t\t\t\t<div class=\"elementor-column elementor-col-100 elementor-top-column elementor-element elementor-element-3b9caff\" data-id=\"3b9caff\" data-element_type=\"column\" data-e-type=\"column\">\n\t\t\t<div class=\"elementor-widget-wrap elementor-element-populated\">\n\t\t\t\t\t\t<div class=\"elementor-element elementor-element-2510fdb elementor-widget elementor-widget-spacer\" data-id=\"2510fdb\" data-element_type=\"widget\" data-e-type=\"widget\" data-widget_type=\"spacer.default\">\n\t\t\t\t<div class=\"elementor-widget-container\">\n\t\t\t\t\t\t\t<div class=\"elementor-spacer\">\n\t\t\t<div class=\"elementor-spacer-inner\"><\/div>\n\t\t<\/div>\n\t\t\t\t\t\t<\/div>\n\t\t\t\t<\/div>\n\t\t\t\t\t<\/div>\n\t\t<\/div>\n\t\t\t\t\t<\/div>\n\t\t<\/section>\n\t\t\t\t<section class=\"elementor-section elementor-top-section elementor-element elementor-element-34502c5 elementor-section-boxed elementor-section-height-default elementor-section-height-default\" data-id=\"34502c5\" data-element_type=\"section\" data-e-type=\"section\" data-settings=\"{&quot;jet_parallax_layout_list&quot;:[]}\">\n\t\t\t\t\t\t<div class=\"elementor-container elementor-column-gap-default\">\n\t\t\t\t\t<div class=\"elementor-column elementor-col-100 elementor-top-column elementor-element elementor-element-c9d0ddb\" data-id=\"c9d0ddb\" data-element_type=\"column\" data-e-type=\"column\">\n\t\t\t<div class=\"elementor-widget-wrap elementor-element-populated\">\n\t\t\t\t\t\t<div class=\"elementor-element elementor-element-aec3a4a elementor-widget elementor-widget-text-editor\" data-id=\"aec3a4a\" data-element_type=\"widget\" data-e-type=\"widget\" data-widget_type=\"text-editor.default\">\n\t\t\t\t<div class=\"elementor-widget-container\">\n\t\t\t\t\t\t\t\t\t<p>A special moment when we take the time to look back.\u00a0<br \/>A lot has happened in 40 years\u2026\u00a0<br \/>It began on 2 December 1982 with a lot of emotion for Erich Baertschi, the founder.<br \/>This was followed by the realisation of countless campaigns, in so many markets and on all continents.<br \/>With the pride of successful projects, the lessons of failures and a constant questioning that strengthens and consolidates us.<br \/>Not forgetting the good times shared with the team, our clients and our partners.<br \/>Today, our motivation and passion for the media are intact.<br \/>May the future hold as many beautiful decades ahead of us\u2026<\/p>\t\t\t\t\t\t\t\t<\/div>\n\t\t\t\t<\/div>\n\t\t\t\t\t<\/div>\n\t\t<\/div>\n\t\t\t\t\t<\/div>\n\t\t<\/section>\n\t\t\t\t<section class=\"elementor-section elementor-top-section elementor-element elementor-element-635afc0 elementor-section-boxed elementor-section-height-default elementor-section-height-default\" data-id=\"635afc0\" data-element_type=\"section\" data-e-type=\"section\" data-settings=\"{&quot;jet_parallax_layout_list&quot;:[]}\">\n\t\t\t\t\t\t<div class=\"elementor-container elementor-column-gap-default\">\n\t\t\t\t\t<div class=\"elementor-column elementor-col-100 elementor-top-column elementor-element elementor-element-fd2fa26\" data-id=\"fd2fa26\" data-element_type=\"column\" data-e-type=\"column\">\n\t\t\t<div class=\"elementor-widget-wrap elementor-element-populated\">\n\t\t\t\t\t\t<div class=\"elementor-element elementor-element-dad4948 elementor-arrows-position-inside elementor-pagination-position-outside elementor-widget elementor-widget-image-carousel\" data-id=\"dad4948\" data-element_type=\"widget\" data-e-type=\"widget\" data-settings=\"{&quot;slides_to_show&quot;:&quot;1&quot;,&quot;navigation&quot;:&quot;both&quot;,&quot;autoplay&quot;:&quot;yes&quot;,&quot;pause_on_hover&quot;:&quot;yes&quot;,&quot;pause_on_interaction&quot;:&quot;yes&quot;,&quot;autoplay_speed&quot;:5000,&quot;infinite&quot;:&quot;yes&quot;,&quot;effect&quot;:&quot;slide&quot;,&quot;speed&quot;:500}\" data-widget_type=\"image-carousel.default\">\n\t\t\t\t<div class=\"elementor-widget-container\">\n\t\t\t\t\t\t\t<div class=\"elementor-image-carousel-wrapper swiper\" role=\"region\" aria-roledescription=\"carousel\" aria-label=\"Image Carousel\" dir=\"ltr\">\n\t\t\t<div class=\"elementor-image-carousel swiper-wrapper\" aria-live=\"off\">\n\t\t\t\t\t\t\t\t<div class=\"swiper-slide\" role=\"group\" aria-roledescription=\"slide\" aria-label=\"1 sur 2\" data-no-translation-aria-label=\"\"><figure class=\"swiper-slide-inner\"><img decoding=\"async\" class=\"swiper-slide-image\" src=\"https:\/\/www.mediamix.ch\/wp-content\/uploads\/2022\/12\/table2.jpeg\" alt=\"\" \/><\/figure><\/div><div class=\"swiper-slide\" role=\"group\" aria-roledescription=\"slide\" aria-label=\"2 sur 2\" data-no-translation-aria-label=\"\"><figure class=\"swiper-slide-inner\"><img decoding=\"async\" class=\"swiper-slide-image\" src=\"https:\/\/www.mediamix.ch\/wp-content\/uploads\/2022\/12\/table1.jpeg\" alt=\"\" \/><\/figure><\/div>\t\t\t<\/div>\n\t\t\t\t\t\t\t\t\t\t\t\t<div class=\"elementor-swiper-button elementor-swiper-button-prev\" role=\"button\" tabindex=\"0\">\n\t\t\t\t\t\t<i aria-hidden=\"true\" class=\"eicon-chevron-left\"><\/i>\t\t\t\t\t<\/div>\n\t\t\t\t\t<div class=\"elementor-swiper-button elementor-swiper-button-next\" role=\"button\" tabindex=\"0\">\n\t\t\t\t\t\t<i aria-hidden=\"true\" class=\"eicon-chevron-right\"><\/i>\t\t\t\t\t<\/div>\n\t\t\t\t\n\t\t\t\t\t\t\t\t\t<div class=\"swiper-pagination\"><\/div>\n\t\t\t\t\t\t\t\t\t<\/div>\n\t\t\t\t\t\t<\/div>\n\t\t\t\t<\/div>\n\t\t\t\t\t<\/div>\n\t\t<\/div>\n\t\t\t\t\t<\/div>\n\t\t<\/section>\n\t\t\t\t<\/div>","protected":false},"excerpt":{"rendered":"<p>Un moment privil\u00e9gi\u00e9 o\u00f9 l\u2019on prend le temps d\u2019une petite r\u00e9trospective. En 40 ann\u00e9es, il s\u2019en est pass\u00e9 des choses\u2026 Cela commence le 2 d\u00e9cembre 1982 par beaucoup d\u2019\u00e9motion pour Erich Baertschi, le fondateur. S\u2019ensuit la r\u00e9alisation d\u2019innombrables campagnes, \u00e0 travers tant de march\u00e9s et sur tous les continents. Avec la fiert\u00e9 des projets aboutis [&hellip;]<\/p>\n","protected":false},"author":7,"featured_media":8109,"comment_status":"closed","ping_status":"closed","sticky":true,"template":"","format":"standard","meta":{"mc4wp_mailchimp_campaign":[],"footnotes":""},"categories":[14],"tags":[],"class_list":["post-4668","post","type-post","status-publish","format-standard","has-post-thumbnail","hentry","category-latest-news"],"yoast_head":"<!-- This site is optimized with the Yoast SEO Premium plugin v27.3 (Yoast SEO v27.3) - https:\/\/yoast.com\/product\/yoast-seo-premium-wordpress\/ -->\n<title>L\u2019agence Mediamix souffle ses 40 BOUGIES et \u00e7a se f\u00eate ! - Mediamix<\/title>\n<meta name=\"description\" content=\"L\u2019agence Mediamix souffle ses 40 BOUGIES et \u00e7a se f\u00eate ! Cela commence le 2 d\u00e9cembre 1982 par beaucoup d\u2019\u00e9motion pour Erich Baertschi, le fondateur.\" \/>\n<meta name=\"robots\" content=\"index, follow, max-snippet:-1, max-image-preview:large, max-video-preview:-1\" \/>\n<link rel=\"canonical\" href=\"https:\/\/www.mediamix.ch\/en\/latest-news\/the-mediamix-agency-celebrates-its-40th-anniversary\/\" \/>\n<meta property=\"og:locale\" content=\"en_US\" \/>\n<meta property=\"og:type\" content=\"article\" \/>\n<meta property=\"og:title\" content=\"L\u2019agence Mediamix souffle ses 40 BOUGIES et \u00e7a se f\u00eate !\" \/>\n<meta property=\"og:description\" content=\"L\u2019agence Mediamix souffle ses 40 BOUGIES et \u00e7a se f\u00eate ! Cela commence le 2 d\u00e9cembre 1982 par beaucoup d\u2019\u00e9motion pour Erich Baertschi, le fondateur.\" \/>\n<meta property=\"og:url\" content=\"https:\/\/www.mediamix.ch\/en\/latest-news\/the-mediamix-agency-celebrates-its-40th-anniversary\/\" \/>\n<meta property=\"og:site_name\" content=\"Mediamix\" \/>\n<meta property=\"article:publisher\" content=\"https:\/\/www.facebook.com\/mediamixsa\/\" \/>\n<meta property=\"article:published_time\" content=\"2022-12-13T12:29:35+00:00\" \/>\n<meta property=\"article:modified_time\" content=\"2023-06-05T10:17:48+00:00\" \/>\n<meta property=\"og:image\" content=\"https:\/\/www.mediamix.ch\/wp-content\/uploads\/2022\/12\/actualite-anniversaire.jpg\" \/>\n\t<meta property=\"og:image:width\" content=\"500\" \/>\n\t<meta property=\"og:image:height\" content=\"300\" \/>\n\t<meta property=\"og:image:type\" content=\"image\/jpeg\" \/>\n<meta name=\"author\" content=\"Elio Brandolini\" \/>\n<meta name=\"twitter:card\" content=\"summary_large_image\" \/>\n<meta name=\"twitter:creator\" content=\"@MediamixSa\" \/>\n<meta name=\"twitter:site\" content=\"@MediamixSa\" \/>\n<meta name=\"twitter:label1\" content=\"Written by\" \/>\n\t<meta name=\"twitter:data1\" content=\"Elio Brandolini\" \/>\n\t<meta name=\"twitter:label2\" content=\"Est. reading time\" \/>\n\t<meta name=\"twitter:data2\" content=\"1 minute\" \/>\n<script type=\"application\/ld+json\" class=\"yoast-schema-graph\">{\"@context\":\"https:\\\/\\\/schema.org\",\"@graph\":[{\"@type\":\"Article\",\"@id\":\"https:\\\/\\\/www.mediamix.ch\\\/latest-news\\\/mediamix-souffle-ses-40-bougies#article\",\"isPartOf\":{\"@id\":\"https:\\\/\\\/www.mediamix.ch\\\/latest-news\\\/mediamix-souffle-ses-40-bougies\"},\"author\":{\"name\":\"Elio Brandolini\",\"@id\":\"https:\\\/\\\/www.mediamix.ch\\\/#\\\/schema\\\/person\\\/16153f45d827095d8b997a29b2f6ca65\"},\"headline\":\"L\u2019agence Mediamix souffle ses 40 BOUGIES et \u00e7a se f\u00eate !\",\"datePublished\":\"2022-12-13T12:29:35+00:00\",\"dateModified\":\"2023-06-05T10:17:48+00:00\",\"mainEntityOfPage\":{\"@id\":\"https:\\\/\\\/www.mediamix.ch\\\/latest-news\\\/mediamix-souffle-ses-40-bougies\"},\"wordCount\":137,\"publisher\":{\"@id\":\"https:\\\/\\\/www.mediamix.ch\\\/#organization\"},\"image\":{\"@id\":\"https:\\\/\\\/www.mediamix.ch\\\/latest-news\\\/mediamix-souffle-ses-40-bougies#primaryimage\"},\"thumbnailUrl\":\"https:\\\/\\\/www.mediamix.ch\\\/wp-content\\\/uploads\\\/2022\\\/12\\\/actualite-anniversaire.jpg\",\"articleSection\":[\"News\"],\"inLanguage\":\"en-US\"},{\"@type\":\"WebPage\",\"@id\":\"https:\\\/\\\/www.mediamix.ch\\\/latest-news\\\/mediamix-souffle-ses-40-bougies\",\"url\":\"https:\\\/\\\/www.mediamix.ch\\\/latest-news\\\/mediamix-souffle-ses-40-bougies\",\"name\":\"L\u2019agence Mediamix souffle ses 40 BOUGIES et \u00e7a se f\u00eate ! - Mediamix\",\"isPartOf\":{\"@id\":\"https:\\\/\\\/www.mediamix.ch\\\/#website\"},\"primaryImageOfPage\":{\"@id\":\"https:\\\/\\\/www.mediamix.ch\\\/latest-news\\\/mediamix-souffle-ses-40-bougies#primaryimage\"},\"image\":{\"@id\":\"https:\\\/\\\/www.mediamix.ch\\\/latest-news\\\/mediamix-souffle-ses-40-bougies#primaryimage\"},\"thumbnailUrl\":\"https:\\\/\\\/www.mediamix.ch\\\/wp-content\\\/uploads\\\/2022\\\/12\\\/actualite-anniversaire.jpg\",\"datePublished\":\"2022-12-13T12:29:35+00:00\",\"dateModified\":\"2023-06-05T10:17:48+00:00\",\"description\":\"L\u2019agence Mediamix souffle ses 40 BOUGIES et \u00e7a se f\u00eate ! Cela commence le 2 d\u00e9cembre 1982 par beaucoup d\u2019\u00e9motion pour Erich Baertschi, le fondateur.\",\"breadcrumb\":{\"@id\":\"https:\\\/\\\/www.mediamix.ch\\\/latest-news\\\/mediamix-souffle-ses-40-bougies#breadcrumb\"},\"inLanguage\":\"en-US\",\"potentialAction\":[{\"@type\":\"ReadAction\",\"target\":[\"https:\\\/\\\/www.mediamix.ch\\\/latest-news\\\/mediamix-souffle-ses-40-bougies\"]}]},{\"@type\":\"ImageObject\",\"inLanguage\":\"en-US\",\"@id\":\"https:\\\/\\\/www.mediamix.ch\\\/latest-news\\\/mediamix-souffle-ses-40-bougies#primaryimage\",\"url\":\"https:\\\/\\\/www.mediamix.ch\\\/wp-content\\\/uploads\\\/2022\\\/12\\\/actualite-anniversaire.jpg\",\"contentUrl\":\"https:\\\/\\\/www.mediamix.ch\\\/wp-content\\\/uploads\\\/2022\\\/12\\\/actualite-anniversaire.jpg\",\"width\":500,\"height\":300},{\"@type\":\"BreadcrumbList\",\"@id\":\"https:\\\/\\\/www.mediamix.ch\\\/latest-news\\\/mediamix-souffle-ses-40-bougies#breadcrumb\",\"itemListElement\":[{\"@type\":\"ListItem\",\"position\":1,\"name\":\"Accueil\",\"item\":\"https:\\\/\\\/www.mediamix.ch\\\/\"},{\"@type\":\"ListItem\",\"position\":2,\"name\":\"L\u2019agence Mediamix souffle ses 40 BOUGIES et \u00e7a se f\u00eate !\"}]},{\"@type\":\"WebSite\",\"@id\":\"https:\\\/\\\/www.mediamix.ch\\\/#website\",\"url\":\"https:\\\/\\\/www.mediamix.ch\\\/\",\"name\":\"Mediamix\",\"description\":\"International media experts\",\"publisher\":{\"@id\":\"https:\\\/\\\/www.mediamix.ch\\\/#organization\"},\"potentialAction\":[{\"@type\":\"SearchAction\",\"target\":{\"@type\":\"EntryPoint\",\"urlTemplate\":\"https:\\\/\\\/www.mediamix.ch\\\/?s={search_term_string}\"},\"query-input\":{\"@type\":\"PropertyValueSpecification\",\"valueRequired\":true,\"valueName\":\"search_term_string\"}}],\"inLanguage\":\"en-US\"},{\"@type\":\"Organization\",\"@id\":\"https:\\\/\\\/www.mediamix.ch\\\/#organization\",\"name\":\"Mediamix\",\"url\":\"https:\\\/\\\/www.mediamix.ch\\\/\",\"logo\":{\"@type\":\"ImageObject\",\"inLanguage\":\"en-US\",\"@id\":\"https:\\\/\\\/www.mediamix.ch\\\/#\\\/schema\\\/logo\\\/image\\\/\",\"url\":\"https:\\\/\\\/www.mediamix.ch\\\/wp-content\\\/uploads\\\/2023\\\/02\\\/Logo-blanc.png\",\"contentUrl\":\"https:\\\/\\\/www.mediamix.ch\\\/wp-content\\\/uploads\\\/2023\\\/02\\\/Logo-blanc.png\",\"width\":215,\"height\":52,\"caption\":\"Mediamix\"},\"image\":{\"@id\":\"https:\\\/\\\/www.mediamix.ch\\\/#\\\/schema\\\/logo\\\/image\\\/\"},\"sameAs\":[\"https:\\\/\\\/www.facebook.com\\\/mediamixsa\\\/\",\"https:\\\/\\\/x.com\\\/MediamixSa\",\"https:\\\/\\\/www.linkedin.com\\\/company\\\/mediamix-sa\\\/\",\"https:\\\/\\\/www.youtube.com\\\/channel\\\/UCcoZdvsRrE0zpAQGkpCbh-A\",\"https:\\\/\\\/www.instagram.com\\\/mediamixsa\\\/\",\"https:\\\/\\\/www.pinterest.fr\\\/MediamixSA\\\/\"]},{\"@type\":\"Person\",\"@id\":\"https:\\\/\\\/www.mediamix.ch\\\/#\\\/schema\\\/person\\\/16153f45d827095d8b997a29b2f6ca65\",\"name\":\"Elio Brandolini\",\"url\":\"https:\\\/\\\/www.mediamix.ch\\\/en\\\/author\\\/elio\"}]}<\/script>\n<!-- \/ Yoast SEO Premium plugin. -->","yoast_head_json":{"title":"The Mediamix agency celebrates its 40th anniversary!! - Mediamix","description":"It began on 2 December 1982 with a lot of emotion for Erich Baertschi, the founder.","robots":{"index":"index","follow":"follow","max-snippet":"max-snippet:-1","max-image-preview":"max-image-preview:large","max-video-preview":"max-video-preview:-1"},"canonical":"https:\/\/www.mediamix.ch\/en\/latest-news\/the-mediamix-agency-celebrates-its-40th-anniversary\/","og_locale":"en_US","og_type":"article","og_title":"L\u2019agence Mediamix souffle ses 40 BOUGIES et \u00e7a se f\u00eate !","og_description":"L\u2019agence Mediamix souffle ses 40 BOUGIES et \u00e7a se f\u00eate ! Cela commence le 2 d\u00e9cembre 1982 par beaucoup d\u2019\u00e9motion pour Erich Baertschi, le fondateur.","og_url":"https:\/\/www.mediamix.ch\/en\/latest-news\/the-mediamix-agency-celebrates-its-40th-anniversary\/","og_site_name":"Mediamix","article_publisher":"https:\/\/www.facebook.com\/mediamixsa\/","article_published_time":"2022-12-13T12:29:35+00:00","article_modified_time":"2023-06-05T10:17:48+00:00","og_image":[{"width":500,"height":300,"url":"https:\/\/www.mediamix.ch\/wp-content\/uploads\/2022\/12\/actualite-anniversaire.jpg","type":"image\/jpeg"}],"author":"Elio Brandolini","twitter_card":"summary_large_image","twitter_creator":"@MediamixSa","twitter_site":"@MediamixSa","twitter_misc":{"Written by":"Elio Brandolini","Est. reading time":"1 minute"},"schema":{"@context":"https:\/\/schema.org","@graph":[{"@type":"Article","@id":"https:\/\/www.mediamix.ch\/latest-news\/mediamix-souffle-ses-40-bougies#article","isPartOf":{"@id":"https:\/\/www.mediamix.ch\/latest-news\/mediamix-souffle-ses-40-bougies"},"author":{"name":"Elio Brandolini","@id":"https:\/\/www.mediamix.ch\/#\/schema\/person\/16153f45d827095d8b997a29b2f6ca65"},"headline":"L\u2019agence Mediamix souffle ses 40 BOUGIES et \u00e7a se f\u00eate !","datePublished":"2022-12-13T12:29:35+00:00","dateModified":"2023-06-05T10:17:48+00:00","mainEntityOfPage":{"@id":"https:\/\/www.mediamix.ch\/latest-news\/mediamix-souffle-ses-40-bougies"},"wordCount":137,"publisher":{"@id":"https:\/\/www.mediamix.ch\/#organization"},"image":{"@id":"https:\/\/www.mediamix.ch\/latest-news\/mediamix-souffle-ses-40-bougies#primaryimage"},"thumbnailUrl":"https:\/\/www.mediamix.ch\/wp-content\/uploads\/2022\/12\/actualite-anniversaire.jpg","articleSection":["News"],"inLanguage":"en-US"},{"@type":"WebPage","@id":"https:\/\/www.mediamix.ch\/latest-news\/mediamix-souffle-ses-40-bougies","url":"https:\/\/www.mediamix.ch\/latest-news\/mediamix-souffle-ses-40-bougies","name":"The Mediamix agency celebrates its 40th anniversary!! - Mediamix","isPartOf":{"@id":"https:\/\/www.mediamix.ch\/#website"},"primaryImageOfPage":{"@id":"https:\/\/www.mediamix.ch\/latest-news\/mediamix-souffle-ses-40-bougies#primaryimage"},"image":{"@id":"https:\/\/www.mediamix.ch\/latest-news\/mediamix-souffle-ses-40-bougies#primaryimage"},"thumbnailUrl":"https:\/\/www.mediamix.ch\/wp-content\/uploads\/2022\/12\/actualite-anniversaire.jpg","datePublished":"2022-12-13T12:29:35+00:00","dateModified":"2023-06-05T10:17:48+00:00","description":"It began on 2 December 1982 with a lot of emotion for Erich Baertschi, the founder.","breadcrumb":{"@id":"https:\/\/www.mediamix.ch\/latest-news\/mediamix-souffle-ses-40-bougies#breadcrumb"},"inLanguage":"en-US","potentialAction":[{"@type":"ReadAction","target":["https:\/\/www.mediamix.ch\/latest-news\/mediamix-souffle-ses-40-bougies"]}]},{"@type":"ImageObject","inLanguage":"en-US","@id":"https:\/\/www.mediamix.ch\/latest-news\/mediamix-souffle-ses-40-bougies#primaryimage","url":"https:\/\/www.mediamix.ch\/wp-content\/uploads\/2022\/12\/actualite-anniversaire.jpg","contentUrl":"https:\/\/www.mediamix.ch\/wp-content\/uploads\/2022\/12\/actualite-anniversaire.jpg","width":500,"height":300},{"@type":"BreadcrumbList","@id":"https:\/\/www.mediamix.ch\/latest-news\/mediamix-souffle-ses-40-bougies#breadcrumb","itemListElement":[{"@type":"ListItem","position":1,"name":"Accueil","item":"https:\/\/www.mediamix.ch\/"},{"@type":"ListItem","position":2,"name":"L\u2019agence Mediamix souffle ses 40 BOUGIES et \u00e7a se f\u00eate !"}]},{"@type":"WebSite","@id":"https:\/\/www.mediamix.ch\/#website","url":"https:\/\/www.mediamix.ch\/","name":"Mediamix","description":"International media experts","publisher":{"@id":"https:\/\/www.mediamix.ch\/#organization"},"potentialAction":[{"@type":"SearchAction","target":{"@type":"EntryPoint","urlTemplate":"https:\/\/www.mediamix.ch\/?s={search_term_string}"},"query-input":{"@type":"PropertyValueSpecification","valueRequired":true,"valueName":"search_term_string"}}],"inLanguage":"en-US"},{"@type":"Organization","@id":"https:\/\/www.mediamix.ch\/#organization","name":"Mediamix","url":"https:\/\/www.mediamix.ch\/","logo":{"@type":"ImageObject","inLanguage":"en-US","@id":"https:\/\/www.mediamix.ch\/#\/schema\/logo\/image\/","url":"https:\/\/www.mediamix.ch\/wp-content\/uploads\/2023\/02\/Logo-blanc.png","contentUrl":"https:\/\/www.mediamix.ch\/wp-content\/uploads\/2023\/02\/Logo-blanc.png","width":215,"height":52,"caption":"Mediamix"},"image":{"@id":"https:\/\/www.mediamix.ch\/#\/schema\/logo\/image\/"},"sameAs":["https:\/\/www.facebook.com\/mediamixsa\/","https:\/\/x.com\/MediamixSa","https:\/\/www.linkedin.com\/company\/mediamix-sa\/","https:\/\/www.youtube.com\/channel\/UCcoZdvsRrE0zpAQGkpCbh-A","https:\/\/www.instagram.com\/mediamixsa\/","https:\/\/www.pinterest.fr\/MediamixSA\/"]},{"@type":"Person","@id":"https:\/\/www.mediamix.ch\/#\/schema\/person\/16153f45d827095d8b997a29b2f6ca65","name":"Elio Brandolini","url":"https:\/\/www.mediamix.ch\/en\/author\/elio"}]}},"_links":{"self":[{"href":"https:\/\/www.mediamix.ch\/en\/wp-json\/wp\/v2\/posts\/4668","targetHints":{"allow":["GET"]}}],"collection":[{"href":"https:\/\/www.mediamix.ch\/en\/wp-json\/wp\/v2\/posts"}],"about":[{"href":"https:\/\/www.mediamix.ch\/en\/wp-json\/wp\/v2\/types\/post"}],"author":[{"embeddable":true,"href":"https:\/\/www.mediamix.ch\/en\/wp-json\/wp\/v2\/users\/7"}],"replies":[{"embeddable":true,"href":"https:\/\/www.mediamix.ch\/en\/wp-json\/wp\/v2\/comments?post=4668"}],"version-history":[{"count":1,"href":"https:\/\/www.mediamix.ch\/en\/wp-json\/wp\/v2\/posts\/4668\/revisions"}],"predecessor-version":[{"id":6381,"href":"https:\/\/www.mediamix.ch\/en\/wp-json\/wp\/v2\/posts\/4668\/revisions\/6381"}],"wp:featuredmedia":[{"embeddable":true,"href":"https:\/\/www.mediamix.ch\/en\/wp-json\/wp\/v2\/media\/8109"}],"wp:attachment":[{"href":"https:\/\/www.mediamix.ch\/en\/wp-json\/wp\/v2\/media?parent=4668"}],"wp:term":[{"taxonomy":"category","embeddable":true,"href":"https:\/\/www.mediamix.ch\/en\/wp-json\/wp\/v2\/categories?post=4668"},{"taxonomy":"post_tag","embeddable":true,"href":"https:\/\/www.mediamix.ch\/en\/wp-json\/wp\/v2\/tags?post=4668"}],"curies":[{"name":"wp","href":"https:\/\/api.w.org\/{rel}","templated":true}]}}